{"id":18110,"date":"2026-09-02T14:04:43","date_gmt":"2026-09-02T14:04:43","guid":{"rendered":"https:\/\/www.entrerios.gov.ar\/cultura\/?p=18110"},"modified":"2026-09-02T14:04:46","modified_gmt":"2026-09-02T14:04:46","slug":"estrenaron-una-nueva-sesion-en-vivo-del-ciclo-musical-casa-estudio","status":"publish","type":"post","link":"https:\/\/www.entrerios.gov.ar\/cultura\/estrenaron-una-nueva-sesion-en-vivo-del-ciclo-musical-casa-estudio\/","title":{"rendered":"Estrenaron una nueva sesi\u00f3n en vivo del ciclo musical Casa Estudio"},"content":{"rendered":"\n<p>El ciclo de m\u00fasica entrerriana en vivo, Casa Estudio, estren\u00f3 un nuevo video en el canal de YouTube de la Secretar\u00eda de Cultura de Entre R\u00edos. Pertenece al grupo Medusa, que re\u00fane a integrantes de Cerrito y Paran\u00e1. Los artistas que participan provienen de distintas localidades de la provincia y fueron seleccionados en una convocatoria abierta y federal.&nbsp;&nbsp;<\/p>\n\n\n\n<p>Medusa presenta la canci\u00f3n Taste of Revenge, grabada en vivo el 12 de agosto. Sus integrantes son: Pilar Taibo (voz principal), Paula Taibo (bater\u00eda), Franco Schroeder (guitarra y voz gutural), Sebasti\u00e1n Mart\u00ednez (teclados y coros) y Dami\u00e1n Golpe (bajo). El video se puede ver en este link: <a href=\"https:\/\/youtu.be\/toQXOxO9Ycs\" target=\"_blank\" rel=\"noreferrer noopener\">LINK DE ACCESO AL VIDEO<\/a>\u00a0<\/p>\n\n\n\n<p>Se trata de una banda emergente de metal sinf\u00f3nico que busca mostrar una est\u00e9tica de sonido caracter\u00edstica de este g\u00e9nero, fusionando instrumentaci\u00f3n de metal y una voz l\u00edrica como exponente principal. Comenzaron su actividad desde 2019. Actualmente est\u00e1n terminando los arreglos de su primer disco.&nbsp;<\/p>\n\n\n\n<p>Ya pasaron por el ciclo: Los Apolo (Paran\u00e1), Insistentes (Paran\u00e1), Guillermo Alarc\u00f3n (San Benito), Rojo Fantas\u00eda (Santa Elena), Nada Normal (Paran\u00e1) y T\u00e9 de Hierbas (Villaguay).<\/p>\n\n\n\n<p>Casa Estudio es parte de CUAC! Cultura Activa, el programa anual de convocatorias y eventos que la Secretar\u00eda de Cultura de Entre R\u00edos desarrolla en toda la provincia.<\/p>\n","protected":false},"excerpt":{"rendered":"<p>El ciclo de m\u00fasica entrerriana en vivo, Casa Estudio, estren\u00f3 un nuevo video en el canal de YouTube de la Secretar\u00eda de Cultura de Entre R\u00edos. Pertenece al grupo Medusa, que re\u00fane a integrantes de Cerrito y Paran\u00e1. Los artistas que participan provienen de distintas localidades de la provincia y fueron seleccionados en una convocatoria [&hellip;]<\/p>\n","protected":false},"author":49,"featured_media":18112,"comment_status":"open","ping_status":"open","sticky":false,"template":"","format":"standard","meta":{"_et_pb_use_builder":"off","_et_pb_old_content":"","_et_gb_content_width":"","footnotes":""},"categories":[28,19],"tags":[],"class_list":["post-18110","post","type-post","status-publish","format-standard","has-post-thumbnail","hentry","category-noticias","category-casa-de-la-cultura-de-er"],"_links":{"self":[{"href":"https:\/\/www.entrerios.gov.ar\/cultura\/wp-json\/wp\/v2\/posts\/18110","targetHints":{"allow":["GET"]}}],"collection":[{"href":"https:\/\/www.entrerios.gov.ar\/cultura\/wp-json\/wp\/v2\/posts"}],"about":[{"href":"https:\/\/www.entrerios.gov.ar\/cultura\/wp-json\/wp\/v2\/types\/post"}],"author":[{"embeddable":true,"href":"https:\/\/www.entrerios.gov.ar\/cultura\/wp-json\/wp\/v2\/users\/49"}],"replies":[{"embeddable":true,"href":"https:\/\/www.entrerios.gov.ar\/cultura\/wp-json\/wp\/v2\/comments?post=18110"}],"version-history":[{"count":1,"href":"https:\/\/www.entrerios.gov.ar\/cultura\/wp-json\/wp\/v2\/posts\/18110\/revisions"}],"predecessor-version":[{"id":18113,"href":"https:\/\/www.entrerios.gov.ar\/cultura\/wp-json\/wp\/v2\/posts\/18110\/revisions\/18113"}],"wp:featuredmedia":[{"embeddable":true,"href":"https:\/\/www.entrerios.gov.ar\/cultura\/wp-json\/wp\/v2\/media\/18112"}],"wp:attachment":[{"href":"https:\/\/www.entrerios.gov.ar\/cultura\/wp-json\/wp\/v2\/media?parent=18110"}],"wp:term":[{"taxonomy":"category","embeddable":true,"href":"https:\/\/www.entrerios.gov.ar\/cultura\/wp-json\/wp\/v2\/categories?post=18110"},{"taxonomy":"post_tag","embeddable":true,"href":"https:\/\/www.entrerios.gov.ar\/cultura\/wp-json\/wp\/v2\/tags?post=18110"}],"curies":[{"name":"wp","href":"https:\/\/api.w.org\/{rel}","templated":true}]}}