{"id":18114,"date":"2026-09-02T17:16:25","date_gmt":"2026-09-02T17:16:25","guid":{"rendered":"https:\/\/www.entrerios.gov.ar\/cultura\/?p=18114"},"modified":"2026-09-02T17:16:28","modified_gmt":"2026-09-02T17:16:28","slug":"el-ficer-definio-sus-secciones-en-competencia-y-suma-una-de-terror-y-fantasia","status":"publish","type":"post","link":"https:\/\/www.entrerios.gov.ar\/cultura\/el-ficer-definio-sus-secciones-en-competencia-y-suma-una-de-terror-y-fantasia\/","title":{"rendered":"El FICER defini\u00f3 sus secciones en competencia y suma una de Terror y Fantas\u00eda"},"content":{"rendered":"\n<p>El Festival Internacional de Cine de Entre R\u00edos (FICER), organizado por el Gobierno provincial a trav\u00e9s del Instituto Aut\u00e1rquico Audiovisual de Entre R\u00edos (IAAER), en conjunto con la Asociaci\u00f3n de Realizadores Audiovisuales de Entre R\u00edos (ARAER) present\u00f3 el esquema de sus secciones tradicionales y algunas novedades. La octava edici\u00f3n se desarrollar\u00e1 del 24 al 29 de noviembre de 2026.<\/p>\n\n\n\n<p>El encuentro volver\u00e1 a reunir producciones destacadas del pa\u00eds y del exterior, con una programaci\u00f3n orientada a exhibici\u00f3n, formaci\u00f3n y desarrollo de la industria audiovisual.<\/p>\n\n\n\n<p>Cada secci\u00f3n contar\u00e1 con la identificaci\u00f3n de un animal de la fauna entrerriana, que surgi\u00f3 de la experiencia de trabajo en el marco del programa \u201cCamino al FICER\u201d, con los estudiantes de segundo a\u00f1o de la Escuela Secundaria Ces\u00e1reo Bernaldo de Quir\u00f3s N\u00b0 35, de Paran\u00e1. De esta forma, se estableci\u00f3 que la ilustraci\u00f3n del <strong>Aguar\u00e1 Guaz\u00fa<\/strong> realizada por una de las estudiantes (Morena G\u00f3mez) ser\u00e1 la imagen general del Festival en esta edici\u00f3n, mientras que las distintas secciones tambi\u00e9n estar\u00e1n identificadas con la imagen de un animal de la fauna silvestre entrerriana, logradas por otros ocho estudiantes de la escuela.<\/p>\n\n\n\n<p><\/p>\n\n\n\n<figure class=\"wp-block-image size-large\"><img loading=\"lazy\" decoding=\"async\" width=\"1024\" height=\"683\" src=\"https:\/\/www.entrerios.gov.ar\/cultura\/wp-content\/uploads\/2026\/09\/image-7-1024x683.jpeg\" alt=\"\" class=\"wp-image-18115\" srcset=\"https:\/\/www.entrerios.gov.ar\/cultura\/wp-content\/uploads\/2026\/09\/image-7-980x653.jpeg 980w, https:\/\/www.entrerios.gov.ar\/cultura\/wp-content\/uploads\/2026\/09\/image-7-480x320.jpeg 480w\" sizes=\"auto, (min-width: 0px) and (max-width: 480px) 480px, (min-width: 481px) and (max-width: 980px) 980px, (min-width: 981px) 1024px, 100vw\" \/><\/figure>\n\n\n\n<p><\/p>\n\n\n\n<p>Estas son Competencia Oficial: Cine argentino del presente (<strong>la Corzuela Parda<\/strong>); Competencia oficial de cortometrajes entrerrianos: Nuevas voces y formas del audiovisual de Entre R\u00edos (<strong>la Comadreja Overa<\/strong>); Panorama Internacional: Un recorrido por el mapa del cine contempor\u00e1neo mundial (<strong>Tortuga Pintada<\/strong>); Orillas &#8211; Im\u00e1genes pr\u00f3ximas: Pel\u00edculas de Entre R\u00edos y el litoral (<strong>Carpincho<\/strong>).<strong> <\/strong>A estas propuestas se suma una nueva secci\u00f3n denominada V\u00f3rtice &#8211; Habitantes de otros mundos: Cine fant\u00e1stico y de terror (<strong>Jaguarund\u00ed<\/strong>).<\/p>\n\n\n\n<p>Las secciones se completan con Pantalla Compartida: Historias para descubrir el cine juntos y en familia <strong>(Gato Mont\u00e9s). <\/strong>Cinemateca Presenta &#8211; Pel\u00edculas que regresan: Un punto de encuentro entre el pasado y el futuro del cine (<strong>El Zorro de Monte)<\/strong>. Y Fronteras Abiertas: Cine Argentino y Latinoamericano (<strong>Yacar\u00e9 Overo<\/strong>).<\/p>\n\n\n\n<p>Tambi\u00e9n habr\u00e1 Focos y Programas especiales: Autores, trayectorias, invitados y funciones especiales. En este caso cabe<strong> <\/strong>aclarar que Foco es un espacio o actividad centrada en un autor, trayectoria, en un cuerpo de pel\u00edculas espec\u00edfico.<\/p>\n","protected":false},"excerpt":{"rendered":"<p>El Festival Internacional de Cine de Entre R\u00edos (FICER), organizado por el Gobierno provincial a trav\u00e9s del Instituto Aut\u00e1rquico Audiovisual de Entre R\u00edos (IAAER), en conjunto con la Asociaci\u00f3n de Realizadores Audiovisuales de Entre R\u00edos (ARAER) present\u00f3 el esquema de sus secciones tradicionales y algunas novedades. La octava edici\u00f3n se desarrollar\u00e1 del 24 al 29 [&hellip;]<\/p>\n","protected":false},"author":49,"featured_media":18117,"comment_status":"open","ping_status":"open","sticky":false,"template":"","format":"standard","meta":{"_et_pb_use_builder":"off","_et_pb_old_content":"","_et_gb_content_width":"","footnotes":""},"categories":[28,4],"tags":[],"class_list":["post-18114","post","type-post","status-publish","format-standard","has-post-thumbnail","hentry","category-noticias","category-iaaer"],"_links":{"self":[{"href":"https:\/\/www.entrerios.gov.ar\/cultura\/wp-json\/wp\/v2\/posts\/18114","targetHints":{"allow":["GET"]}}],"collection":[{"href":"https:\/\/www.entrerios.gov.ar\/cultura\/wp-json\/wp\/v2\/posts"}],"about":[{"href":"https:\/\/www.entrerios.gov.ar\/cultura\/wp-json\/wp\/v2\/types\/post"}],"author":[{"embeddable":true,"href":"https:\/\/www.entrerios.gov.ar\/cultura\/wp-json\/wp\/v2\/users\/49"}],"replies":[{"embeddable":true,"href":"https:\/\/www.entrerios.gov.ar\/cultura\/wp-json\/wp\/v2\/comments?post=18114"}],"version-history":[{"count":1,"href":"https:\/\/www.entrerios.gov.ar\/cultura\/wp-json\/wp\/v2\/posts\/18114\/revisions"}],"predecessor-version":[{"id":18118,"href":"https:\/\/www.entrerios.gov.ar\/cultura\/wp-json\/wp\/v2\/posts\/18114\/revisions\/18118"}],"wp:featuredmedia":[{"embeddable":true,"href":"https:\/\/www.entrerios.gov.ar\/cultura\/wp-json\/wp\/v2\/media\/18117"}],"wp:attachment":[{"href":"https:\/\/www.entrerios.gov.ar\/cultura\/wp-json\/wp\/v2\/media?parent=18114"}],"wp:term":[{"taxonomy":"category","embeddable":true,"href":"https:\/\/www.entrerios.gov.ar\/cultura\/wp-json\/wp\/v2\/categories?post=18114"},{"taxonomy":"post_tag","embeddable":true,"href":"https:\/\/www.entrerios.gov.ar\/cultura\/wp-json\/wp\/v2\/tags?post=18114"}],"curies":[{"name":"wp","href":"https:\/\/api.w.org\/{rel}","templated":true}]}}