{"id":18119,"date":"2026-09-03T12:14:01","date_gmt":"2026-09-03T12:14:01","guid":{"rendered":"https:\/\/www.entrerios.gov.ar\/cultura\/?p=18119"},"modified":"2026-09-03T14:56:19","modified_gmt":"2026-09-03T14:56:19","slug":"en-septiembre-comienza-una-nueva-programacion-del-cineclub-noble","status":"publish","type":"post","link":"https:\/\/www.entrerios.gov.ar\/cultura\/en-septiembre-comienza-una-nueva-programacion-del-cineclub-noble\/","title":{"rendered":"En septiembre comienza una nueva programaci\u00f3n del Cineclub Noble\u00a0"},"content":{"rendered":"\n<p>La propuesta del Instituto Aut\u00e1rquico Audiovisual (IAAER), Cineclub Noble, comienza el ciclo \u201cGermen de miradas\u201d, dedicada al cine entrerriano. La primera proyecci\u00f3n ser\u00e1 este martes 8 a las 20 en la Sala Noble (Matorras 861, Paran\u00e1). Con acceso libre y gratuito, invita la Secretar\u00eda de Cultura de Entre R\u00edos.<\/p>\n\n\n\n<p>En la primera funci\u00f3n se proyectar\u00e1n La Risa, de Iv\u00e1n Fund (Argentina, 2009) y el cortometraje Esnorquel, de Maximiliano Schonfeld.<\/p>\n\n\n\n<p>La trama de La Risa sigue a cuatro j\u00f3venes amigos en un pueblo de Entre R\u00edos que estiran al m\u00e1ximo las horas posteriores a una noche de fiesta. En lugar de regresar a sus casas, transcurren los &#8220;tiempos muertos&#8221; de la resaca arriba de un auto y caminando por calles de tierra. Es el primer largometraje de ficci\u00f3n del director, guionista y camar\u00f3grafo argentino Iv\u00e1n Fund. Estrenada originalmente en 2009 en la Competencia Internacional del BAFICI.<\/p>\n\n\n\n<p>Esnorquel, de Maximiliano Schonfeld (Argentina, 2005 &#8211; 18 min.), es el retrato cotidiano de un grupo de j\u00f3venes que viven en una aldea de la provincia de Entre R\u00edos. Donde la m\u00fasica y los primeros amores se propagan en el verano y las fiestas populares.<\/p>\n\n\n\n<p><strong>Pr\u00f3ximas funciones:<\/strong><\/p>\n\n\n\n<p>Martes 15 de septiembre, Sala Noble, 20hs. Orquesta Roja, dirigida por Nicol\u00e1s Herzog (Argentina, 2009 \u2013 77\u00b4). Y Una tarde feliz, cortometraje de Celina Murga y Juan Villegas (Argentina, 2002 &#8211; 7min).<\/p>\n\n\n\n<p>Martes 22 de septiembre, Sala Noble a las 20hs. Itsmo, de Stefan\u00eda Santiago (Argentina, 2018 \u2013 59\u00b4). Y el cortometraje Marcel, con la direcci\u00f3n de Gast\u00f3n Calivari (Argentina, 2021 \u2013 17\u00b4).<\/p>\n\n\n\n<p>Martes 6 de octubre, Sala Noble a las 20hs. El Amarillo, de Sergio Mazza (Argentina, 2006 \u2013 87\u00b4). Y el cortometraje Amaina, con la direcci\u00f3n de Eduardo Crespo (Argentina, 2010 \u2013 18\u00b4).<\/p>\n","protected":false},"excerpt":{"rendered":"<p>La propuesta del Instituto Aut\u00e1rquico Audiovisual (IAAER), Cineclub Noble, comienza el ciclo \u201cGermen de miradas\u201d, dedicada al cine entrerriano. La primera proyecci\u00f3n ser\u00e1 este martes 8 a las 20 en la Sala Noble (Matorras 861, Paran\u00e1). Con acceso libre y gratuito, invita la Secretar\u00eda de Cultura de Entre R\u00edos. En la primera funci\u00f3n se proyectar\u00e1n [&hellip;]<\/p>\n","protected":false},"author":49,"featured_media":18123,"comment_status":"open","ping_status":"open","sticky":false,"template":"","format":"standard","meta":{"_et_pb_use_builder":"off","_et_pb_old_content":"","_et_gb_content_width":"","footnotes":""},"categories":[28,4],"tags":[],"class_list":["post-18119","post","type-post","status-publish","format-standard","has-post-thumbnail","hentry","category-noticias","category-iaaer"],"_links":{"self":[{"href":"https:\/\/www.entrerios.gov.ar\/cultura\/wp-json\/wp\/v2\/posts\/18119","targetHints":{"allow":["GET"]}}],"collection":[{"href":"https:\/\/www.entrerios.gov.ar\/cultura\/wp-json\/wp\/v2\/posts"}],"about":[{"href":"https:\/\/www.entrerios.gov.ar\/cultura\/wp-json\/wp\/v2\/types\/post"}],"author":[{"embeddable":true,"href":"https:\/\/www.entrerios.gov.ar\/cultura\/wp-json\/wp\/v2\/users\/49"}],"replies":[{"embeddable":true,"href":"https:\/\/www.entrerios.gov.ar\/cultura\/wp-json\/wp\/v2\/comments?post=18119"}],"version-history":[{"count":1,"href":"https:\/\/www.entrerios.gov.ar\/cultura\/wp-json\/wp\/v2\/posts\/18119\/revisions"}],"predecessor-version":[{"id":18122,"href":"https:\/\/www.entrerios.gov.ar\/cultura\/wp-json\/wp\/v2\/posts\/18119\/revisions\/18122"}],"wp:featuredmedia":[{"embeddable":true,"href":"https:\/\/www.entrerios.gov.ar\/cultura\/wp-json\/wp\/v2\/media\/18123"}],"wp:attachment":[{"href":"https:\/\/www.entrerios.gov.ar\/cultura\/wp-json\/wp\/v2\/media?parent=18119"}],"wp:term":[{"taxonomy":"category","embeddable":true,"href":"https:\/\/www.entrerios.gov.ar\/cultura\/wp-json\/wp\/v2\/categories?post=18119"},{"taxonomy":"post_tag","embeddable":true,"href":"https:\/\/www.entrerios.gov.ar\/cultura\/wp-json\/wp\/v2\/tags?post=18119"}],"curies":[{"name":"wp","href":"https:\/\/api.w.org\/{rel}","templated":true}]}}