{"id":18131,"date":"2026-09-06T07:00:00","date_gmt":"2026-09-06T07:00:00","guid":{"rendered":"https:\/\/www.entrerios.gov.ar\/cultura\/?p=18131"},"modified":"2026-09-04T12:38:50","modified_gmt":"2026-09-04T12:38:50","slug":"mozart-y-beethoven-en-una-nueva-presentacion-de-la-sinfonica-de-entre-rios-junto-a-dos-grandes-solistas","status":"publish","type":"post","link":"https:\/\/www.entrerios.gov.ar\/cultura\/mozart-y-beethoven-en-una-nueva-presentacion-de-la-sinfonica-de-entre-rios-junto-a-dos-grandes-solistas\/","title":{"rendered":"Mozart y Beethoven en una nueva presentaci\u00f3n de la Sinf\u00f3nica de Entre R\u00edos junto a dos grandes solistas"},"content":{"rendered":"\n<p>El nuevo concierto de la Sinf\u00f3nica de Entre R\u00edos ser\u00e1 el viernes 11 de septiembre a las 20 en el Centro Cultural Juan L. Ortiz de <a href=\"https:\/\/www.google.com\/maps\/search\/Paran%C3%A1+(Blvd.%0D%0ARacedo+250?entry=gmail&amp;source=g\">Paran\u00e1 (Blvd. Racedo 250<\/a>). La actividad es organizada por la Secretar\u00eda de Cultura provincial y la Municipalidad de Paran\u00e1, y cuenta con el auspicio del Centro de Ojos Dr. L\u00f3dolo, la Asociaci\u00f3n Mariano Moreno y el Howard Johnson Plaza Resort &amp; Casino Mayorazgo. La entrada es libre y gratuita, con acceso por orden de llegada.<\/p>\n\n\n\n<p>Bajo la direcci\u00f3n de su director art\u00edstico, Luis Gorelik, la Orquesta Sinf\u00f3nica de Entre R\u00edos presentar\u00e1 un programa dedicado a obras de W. A. Mozart y L. V. Beethoven. La funci\u00f3n contar\u00e1 con la actuaci\u00f3n de Silvina \u00c1lvarez (viola) y Xavier Inchausti (viol\u00edn) como solistas invitados, e incluir\u00e1 la Sinfon\u00eda Concertante para viol\u00edn y viola de W. A. Mozart y la Sinfon\u00eda N.\u00ba 3 \u201cHeroica\u201d de L. V. Beethoven.<\/p>\n\n\n\n<p><strong>Sobre la Sinfon\u00eda &#8220;Heroica&#8221;<\/strong><\/p>\n\n\n\n<p>En 1802, Beethoven, enfrentado a su creciente sordera, redact\u00f3 el Testamento de Heiligenstadt, donde confesaba su alterado estado f\u00edsico y psicol\u00f3gico. M\u00e1s tarde, mencion\u00f3 que buscaba un &#8220;nuevo camino&#8221; que reflejara su angustioso estado de \u00e1nimo y le permitiera superarlo. Esta catarsis se produjo simult\u00e1neamente con el descubrimiento de la m\u00fasica teatral, la composici\u00f3n del oratorio Christus am \u00d6lberge y el embarque en su proyecto oper\u00edstico que dar\u00eda lugar a Fidelio. El &#8220;nuevo camino&#8221; se dirig\u00eda hacia una m\u00fasica que destacaba el elemento del sentimiento extra\u00eddo de la experiencia vital.<\/p>\n\n\n\n<p><\/p>\n\n\n\n<figure class=\"wp-block-image size-large\"><img loading=\"lazy\" decoding=\"async\" width=\"1024\" height=\"683\" src=\"https:\/\/www.entrerios.gov.ar\/cultura\/wp-content\/uploads\/2026\/09\/image-14-1024x683.jpeg\" alt=\"\" class=\"wp-image-18133\" srcset=\"https:\/\/www.entrerios.gov.ar\/cultura\/wp-content\/uploads\/2026\/09\/image-14-980x653.jpeg 980w, https:\/\/www.entrerios.gov.ar\/cultura\/wp-content\/uploads\/2026\/09\/image-14-480x320.jpeg 480w\" sizes=\"auto, (min-width: 0px) and (max-width: 480px) 480px, (min-width: 481px) and (max-width: 980px) 980px, (min-width: 981px) 1024px, 100vw\" \/><\/figure>\n\n\n\n<p><\/p>\n\n\n\n<p>La Sinfon\u00eda &#8220;Eroica&#8221; figura entre las respuestas m\u00e1s influyentes de un compositor a est\u00edmulos extramusicales, siendo el est\u00edmulo Napole\u00f3n Bonaparte. Beethoven consider\u00f3 inicialmente a Napole\u00f3n como el salvador de Europa, pero se sinti\u00f3 desencantado cuando se coron\u00f3 emperador, retirando la inscripci\u00f3n &#8220;Sinfon\u00eda Bonaparte&#8221; y sustituy\u00e9ndola por &#8220;Sinfon\u00eda Eroica&#8221;. Con dos estruendosos acordes en mi bemol que abren la obra, Beethoven se convierte en el creador de una m\u00fasica nueva, introduciendo en el primer movimiento cuatro ideas tem\u00e1ticas separadas con gran fanfarria de los metales.<\/p>\n\n\n\n<p>El movimiento lento, una marcha f\u00fanebre, recuerda las emociones de alguien que observa el cortejo f\u00fanebre desde lejos, mientras que el scherzo, deslumbrantemente veloz, significa un renacimiento del esp\u00edritu con una impresionante exhibici\u00f3n para las trompas. El final representa el renacimiento completo del gigante, empleando un tema utilizado en Criaturas de Prometeo transformado en algo espl\u00e9ndidamente noble. La sinfon\u00eda culmina con una conmovedora melod\u00eda de marcha y termina con una nota de ardiente triunfo.<\/p>\n\n\n\n<p><strong>Silvina \u00c1lvarez en Viola<\/strong><\/p>\n\n\n\n<p>Violista nacida en C\u00f3rdoba, Argentina. Actualmente es solista de Viola de la Orquesta Nacional de Espa\u00f1a y profesora de viola y repertorio orquestal en el Centro de Estudios Musicales Katarina Gurska. Disc\u00edpula de Bruno Giuranna, Ettore Causa y Nobuko Imai, inici\u00f3 sus estudios musicales en Argentina a los seis a\u00f1os con su padre, N\u00e9stor \u00c1lvarez, para luego formarse con Humberto Carfi, Alberto Lysy y Jos\u00e9 Bondar. Toca una viola Fr\u00e9d\u00e9rich Chaudi\u00e8re, construida en Montpellier (Francia) en 2009.<\/p>\n\n\n\n<p>En Argentina ha sido integrante de la Camerata Bariloche, la Orquesta Filarm\u00f3nica de Buenos Aires, la Orquesta Nacional Argentina y la Orquesta Sinf\u00f3nica de C\u00f3rdoba. En Europa ha colaborado con la Orquesta del Gran Teatre del Liceu de Barcelona, la Orquesta Sinf\u00f3nica de Madrid, la Orquesta de Radio y Televisi\u00f3n Espa\u00f1ola, la Orquesta Les Arts de Valencia, la Sinfonietta de Lausanne (Suiza) y la Orquesta de C\u00e1mara de Cascais e Oeiras (Portugal).<\/p>\n\n\n\n<p>Como solista, se ha presentado junto a la Orquesta Nacional Argentina, la Orquesta Filarm\u00f3nica de Buenos Aires, la Orquesta Provincial de Rosario, la Camerata Bariloche, la Camerata Lysy y la Orquesta Metropolitana de C\u00f3rdoba, entre otras. Representando al pa\u00eds, particip\u00f3 en el 43\u00ba International Viola Congress de Cremona (Italia) junto a Alicia Bellville, y en el 45\u00ba International Viola Congress de Rotterdam junto a Juan Esteban Cuacci.<\/p>\n\n\n\n<p>En m\u00fasica de c\u00e1mara se destaca su labor en Il Mani\u00e1tico Ensemble y el Cuarteto Petrus \u2014con quienes realiz\u00f3 grabaciones\u2014, adem\u00e1s de haber integrado la Camerata Lysy. En el \u00e1mbito contempor\u00e1neo ha participado en proyectos con la Sinfonietta de Londres, Ensemble Modern y Neue Musik Berlin.<\/p>\n\n\n\n<p>Abocada desde hace a\u00f1os a la difusi\u00f3n del repertorio original para viola de autores latinoamericanos, actualmente se encuentra inmersa en la grabaci\u00f3n y edici\u00f3n de un libro de estudios para viola sola escritos por Juan Esteban Cuacci, pianista y compositor con quien colabora desde hace m\u00e1s de diez a\u00f1os. Asimismo, desarrolla una continua labor docente en la preparaci\u00f3n de violistas para organismos como la JONDE (Joven Orquesta Nacional de Espa\u00f1a) y la OJA (Orquesta Joven de Andaluc\u00eda).<\/p>\n\n\n\n<p><\/p>\n\n\n\n<figure class=\"wp-block-image size-large\"><img loading=\"lazy\" decoding=\"async\" width=\"1024\" height=\"683\" src=\"https:\/\/www.entrerios.gov.ar\/cultura\/wp-content\/uploads\/2026\/09\/image-15-1024x683.jpeg\" alt=\"\" class=\"wp-image-18134\" srcset=\"https:\/\/www.entrerios.gov.ar\/cultura\/wp-content\/uploads\/2026\/09\/image-15-980x653.jpeg 980w, https:\/\/www.entrerios.gov.ar\/cultura\/wp-content\/uploads\/2026\/09\/image-15-480x320.jpeg 480w\" sizes=\"auto, (min-width: 0px) and (max-width: 480px) 480px, (min-width: 481px) and (max-width: 980px) 980px, (min-width: 981px) 1024px, 100vw\" \/><\/figure>\n\n\n\n<p><\/p>\n\n\n\n<p><strong>Xavier Inchausti en Viol\u00edn<\/strong><\/p>\n\n\n\n<p>Se desempe\u00f1\u00f3 como concertino de la Orquesta Sinf\u00f3nica Nacional y actualmente ocupa dicho rol en la Orquesta Filarm\u00f3nica de Buenos Aires. Integra adem\u00e1s el Tr\u00edo Ginastera y ha participado del 1\u00b0, 2\u00b0 y 5\u00b0 Festival Konex de M\u00fasica Cl\u00e1sica.<\/p>\n\n\n\n<p>En el exterior se ha presentado como solista junto a la Musikverein Pressbaum Orchester y Wiener Tonkunst Vereinigung Orchester (Viena), Filarm\u00f3nica de Sarajevo, Sinf\u00f3nica del SODRE, Filarm\u00f3nica de Montevideo, Sinf\u00f3nica de Chile, National Ukrainian Symphony (Kiev), Berliner Symphoniker Orchester, Moscow Symphony Orchestra, Sinf\u00f3nica de Campinas (Brasil), Orquesta Sinf\u00f3nica de Puerto Rico, Sinf\u00f3nica de Vitoria (Brasil), Orquesta de C\u00e1mara Reina Sof\u00eda de Madrid, State Philharmonic Orchestra (Rumania) y Bulgarian National Radio Symphony Orchestra, entre otras.<\/p>\n\n\n\n<p>En su discograf\u00eda se destaca la grabaci\u00f3n para el sello Naxos del concierto de Esteban Benzecry junto a la Lviv National Philharmonic Symphony Orchestra, bajo la conducci\u00f3n de Pablo Boggiano.<\/p>\n\n\n\n<p>Su trayectoria ha sido distinguida como Mejor Solista Instrumental 2011\/2015 por la ACMA y galardonada con el Primer Premio en el Concurso Internacional de Viol\u00edn Dr. Luis Sigall.<\/p>\n","protected":false},"excerpt":{"rendered":"<p>El nuevo concierto de la Sinf\u00f3nica de Entre R\u00edos ser\u00e1 el viernes 11 de septiembre a las 20 en el Centro Cultural Juan L. Ortiz de Paran\u00e1 (Blvd. Racedo 250). La actividad es organizada por la Secretar\u00eda de Cultura provincial y la Municipalidad de Paran\u00e1, y cuenta con el auspicio del Centro de Ojos Dr. [&hellip;]<\/p>\n","protected":false},"author":49,"featured_media":18135,"comment_status":"open","ping_status":"open","sticky":false,"template":"","format":"standard","meta":{"_et_pb_use_builder":"off","_et_pb_old_content":"","_et_gb_content_width":"","footnotes":""},"categories":[28,17],"tags":[],"class_list":["post-18131","post","type-post","status-publish","format-standard","has-post-thumbnail","hentry","category-noticias","category-orquesta-sinfonica"],"_links":{"self":[{"href":"https:\/\/www.entrerios.gov.ar\/cultura\/wp-json\/wp\/v2\/posts\/18131","targetHints":{"allow":["GET"]}}],"collection":[{"href":"https:\/\/www.entrerios.gov.ar\/cultura\/wp-json\/wp\/v2\/posts"}],"about":[{"href":"https:\/\/www.entrerios.gov.ar\/cultura\/wp-json\/wp\/v2\/types\/post"}],"author":[{"embeddable":true,"href":"https:\/\/www.entrerios.gov.ar\/cultura\/wp-json\/wp\/v2\/users\/49"}],"replies":[{"embeddable":true,"href":"https:\/\/www.entrerios.gov.ar\/cultura\/wp-json\/wp\/v2\/comments?post=18131"}],"version-history":[{"count":1,"href":"https:\/\/www.entrerios.gov.ar\/cultura\/wp-json\/wp\/v2\/posts\/18131\/revisions"}],"predecessor-version":[{"id":18136,"href":"https:\/\/www.entrerios.gov.ar\/cultura\/wp-json\/wp\/v2\/posts\/18131\/revisions\/18136"}],"wp:featuredmedia":[{"embeddable":true,"href":"https:\/\/www.entrerios.gov.ar\/cultura\/wp-json\/wp\/v2\/media\/18135"}],"wp:attachment":[{"href":"https:\/\/www.entrerios.gov.ar\/cultura\/wp-json\/wp\/v2\/media?parent=18131"}],"wp:term":[{"taxonomy":"category","embeddable":true,"href":"https:\/\/www.entrerios.gov.ar\/cultura\/wp-json\/wp\/v2\/categories?post=18131"},{"taxonomy":"post_tag","embeddable":true,"href":"https:\/\/www.entrerios.gov.ar\/cultura\/wp-json\/wp\/v2\/tags?post=18131"}],"curies":[{"name":"wp","href":"https:\/\/api.w.org\/{rel}","templated":true}]}}