{"id":18137,"date":"2026-09-04T13:27:00","date_gmt":"2026-09-04T13:27:00","guid":{"rendered":"https:\/\/www.entrerios.gov.ar\/cultura\/?p=18137"},"modified":"2026-09-04T13:27:04","modified_gmt":"2026-09-04T13:27:04","slug":"impulsaron-un-laboratorio-creativo-para-proyectar-el-diseno-entrerriano-al-mundo","status":"publish","type":"post","link":"https:\/\/www.entrerios.gov.ar\/cultura\/impulsaron-un-laboratorio-creativo-para-proyectar-el-diseno-entrerriano-al-mundo\/","title":{"rendered":"Impulsaron un laboratorio creativo para proyectar el dise\u00f1o entrerriano al mundo"},"content":{"rendered":"\n<p>M\u00e1s de 60 j\u00f3venes participaron en la Universidad de Concepci\u00f3n del Uruguay de una jornada que vincul\u00f3 dise\u00f1o, innovaci\u00f3n, econom\u00edas creativas, emprendedurismo y comercio exterior. Fue una iniciativa del Gobierno provincial junto a la instituci\u00f3n acad\u00e9mica.&nbsp;<\/p>\n\n\n\n<p>Durante la primera parte se abordaron conceptos relacionados con el dise\u00f1o, la innovaci\u00f3n, el agregado de valor, las econom\u00edas creativas y el potencial exportador de los productos entrerrianos. Tambi\u00e9n se present\u00f3 el Sello de Buen Dise\u00f1o Argentino como una herramienta de reconocimiento y posicionamiento para las empresas que incorporan el dise\u00f1o en sus procesos productivos.<\/p>\n\n\n\n<p>Como experiencias concretas se analizaron los casos de Mar\u00eda Faure, emprendimiento entrerriano de joyer\u00eda artesanal, y Aluplast, empresa especializada en mobiliario de aluminio para exteriores. Sus productos permitieron conversar sobre los desaf\u00edos de dise\u00f1ar, producir, comunicar, comercializar y proyectarse hacia nuevos mercados.<\/p>\n\n\n\n<p><\/p>\n\n\n\n<figure class=\"wp-block-image size-large\"><img loading=\"lazy\" decoding=\"async\" width=\"1024\" height=\"683\" src=\"https:\/\/www.entrerios.gov.ar\/cultura\/wp-content\/uploads\/2026\/09\/image-16-1024x683.jpeg\" alt=\"\" class=\"wp-image-18138\" srcset=\"https:\/\/www.entrerios.gov.ar\/cultura\/wp-content\/uploads\/2026\/09\/image-16-980x653.jpeg 980w, https:\/\/www.entrerios.gov.ar\/cultura\/wp-content\/uploads\/2026\/09\/image-16-480x320.jpeg 480w\" sizes=\"auto, (min-width: 0px) and (max-width: 480px) 480px, (min-width: 481px) and (max-width: 980px) 980px, (min-width: 981px) 1024px, 100vw\" \/><\/figure>\n\n\n\n<p><\/p>\n\n\n\n<p>Posteriormente se desarroll\u00f3 un taller colaborativo mediante la metodolog\u00eda de Laboratorios Creativos. Organizados en equipos interdisciplinarios, los estudiantes trabajaron en la elaboraci\u00f3n de propuestas que integraron identidad. La jornada finaliz\u00f3 con la presentaci\u00f3n y puesta en com\u00fan de los proyectos elaborados por cada equipo, generando un espacio de intercambio entre estudiantes, docentes, autoridades universitarias y representantes del Gobierno provincial.<\/p>\n\n\n\n<p>La iniciativa puso en valor la importancia del trabajo conjunto entre el Estado, la universidad y el sector productivo para fortalecer el talento joven, promover la innovaci\u00f3n y generar nuevas oportunidades de desarrollo para Entre R\u00edos.&nbsp;<\/p>\n\n\n\n<p>La actividad fue impulsada por la Direcci\u00f3n General de Industrias Culturales y Creativas, dependiente de la Secretar\u00eda de Cultura de Entre R\u00edos; y la Direcci\u00f3n General de Relaciones Econ\u00f3micas Internacionales, perteneciente al Ministerio de Desarrollo Econ\u00f3mico. Por parte de la UCU, participaron el Vicerrectorado de Producci\u00f3n y Emprendedurismo, la Facultad de Arquitectura y Urbanismo y la Facultad de Ciencias Econ\u00f3micas. Estuvieron presentes autoridades provinciales y acad\u00e9micas.<\/p>\n","protected":false},"excerpt":{"rendered":"<p>M\u00e1s de 60 j\u00f3venes participaron en la Universidad de Concepci\u00f3n del Uruguay de una jornada que vincul\u00f3 dise\u00f1o, innovaci\u00f3n, econom\u00edas creativas, emprendedurismo y comercio exterior. Fue una iniciativa del Gobierno provincial junto a la instituci\u00f3n acad\u00e9mica.&nbsp; Durante la primera parte se abordaron conceptos relacionados con el dise\u00f1o, la innovaci\u00f3n, el agregado de valor, las econom\u00edas [&hellip;]<\/p>\n","protected":false},"author":49,"featured_media":18140,"comment_status":"open","ping_status":"open","sticky":false,"template":"","format":"standard","meta":{"_et_pb_use_builder":"off","_et_pb_old_content":"","_et_gb_content_width":"","footnotes":""},"categories":[28,78],"tags":[],"class_list":["post-18137","post","type-post","status-publish","format-standard","has-post-thumbnail","hentry","category-noticias","category-area-industrias-culturales"],"_links":{"self":[{"href":"https:\/\/www.entrerios.gov.ar\/cultura\/wp-json\/wp\/v2\/posts\/18137","targetHints":{"allow":["GET"]}}],"collection":[{"href":"https:\/\/www.entrerios.gov.ar\/cultura\/wp-json\/wp\/v2\/posts"}],"about":[{"href":"https:\/\/www.entrerios.gov.ar\/cultura\/wp-json\/wp\/v2\/types\/post"}],"author":[{"embeddable":true,"href":"https:\/\/www.entrerios.gov.ar\/cultura\/wp-json\/wp\/v2\/users\/49"}],"replies":[{"embeddable":true,"href":"https:\/\/www.entrerios.gov.ar\/cultura\/wp-json\/wp\/v2\/comments?post=18137"}],"version-history":[{"count":1,"href":"https:\/\/www.entrerios.gov.ar\/cultura\/wp-json\/wp\/v2\/posts\/18137\/revisions"}],"predecessor-version":[{"id":18141,"href":"https:\/\/www.entrerios.gov.ar\/cultura\/wp-json\/wp\/v2\/posts\/18137\/revisions\/18141"}],"wp:featuredmedia":[{"embeddable":true,"href":"https:\/\/www.entrerios.gov.ar\/cultura\/wp-json\/wp\/v2\/media\/18140"}],"wp:attachment":[{"href":"https:\/\/www.entrerios.gov.ar\/cultura\/wp-json\/wp\/v2\/media?parent=18137"}],"wp:term":[{"taxonomy":"category","embeddable":true,"href":"https:\/\/www.entrerios.gov.ar\/cultura\/wp-json\/wp\/v2\/categories?post=18137"},{"taxonomy":"post_tag","embeddable":true,"href":"https:\/\/www.entrerios.gov.ar\/cultura\/wp-json\/wp\/v2\/tags?post=18137"}],"curies":[{"name":"wp","href":"https:\/\/api.w.org\/{rel}","templated":true}]}}