{"id":18142,"date":"2026-09-04T15:44:53","date_gmt":"2026-09-04T15:44:53","guid":{"rendered":"https:\/\/www.entrerios.gov.ar\/cultura\/?p=18142"},"modified":"2026-09-04T15:44:56","modified_gmt":"2026-09-04T15:44:56","slug":"el-consejo-de-teatro-independiente-de-entre-rios-contier-abre-la-convocatoria-para-aspirantes-a-representantes-regionales","status":"publish","type":"post","link":"https:\/\/www.entrerios.gov.ar\/cultura\/el-consejo-de-teatro-independiente-de-entre-rios-contier-abre-la-convocatoria-para-aspirantes-a-representantes-regionales\/","title":{"rendered":"El Consejo de Teatro Independiente de Entre R\u00edos (ConTIER) abre la convocatoria para aspirantes a representantes regionales"},"content":{"rendered":"\n<p>Hasta el s\u00e1bado 12 de septiembre se podr\u00e1n postular al cargo de representante regional para el Consejo de Teatro Independiente de Entre R\u00edos (ConTIER), organismo aut\u00e1rquico que funciona en la \u00f3rbita de la Secretar\u00eda de Cultura de Entre R\u00edos y se encarga de velar por la protecci\u00f3n, promoci\u00f3n y apoyo de la actividad teatral independiente.<\/p>\n\n\n\n<p>Los interesados deber\u00e1n completar el formulario disponible en las redes sociales del ConTIER. All\u00ed tambi\u00e9n se encuentran el reglamento, las bases y los requisitos.&nbsp;<\/p>\n\n\n\n<p>Las elecciones ser\u00e1n durante el mes de octubre. Se elegir\u00e1n 5 representantes \u2014uno por cada regi\u00f3n de la provincia\u2014 con un mandato de 4 a\u00f1os (per\u00edodo 2027-2030). Asimismo, deber\u00e1n postularse en binomios de un titular y un suplente por la regi\u00f3n que pretenden representar.<\/p>\n\n\n\n<p>Los aspirantes deber\u00e1n:<\/p>\n\n\n\n<p>&#8211; Tener conocimiento de la Ley TIER 10.931 y sus Decretos Reglamentarios.<\/p>\n\n\n\n<p>&#8211; Estar inscripto en el Padr\u00f3n de trabajadores y trabajadores del Teatro Independiente de Entre R\u00edos por la regi\u00f3n por la que se presentan.<\/p>\n\n\n\n<p>&#8211; Acreditar una trayectoria teatral comprobable y en continuidad no menor a cinco (5) a\u00f1os.<\/p>\n\n\n\n<p>&#8211; Tener la edad m\u00ednima de 21 a\u00f1os.<\/p>\n\n\n\n<p>Los departamentos de la provincia est\u00e1n divididos en cinco regiones:<\/p>\n\n\n\n<p>Regi\u00f3n 1: Tala, Uruguay, Victoria y Nogoy\u00e1.&nbsp; &nbsp; &nbsp; &nbsp; &nbsp; &nbsp; &nbsp;<\/p>\n\n\n\n<p>Regi\u00f3n 2: Villaguay, Col\u00f3n y San Salvador.<\/p>\n\n\n\n<p>Regi\u00f3n 3: Paran\u00e1, Diamante y La Paz.<\/p>\n\n\n\n<p>Regi\u00f3n 4: Feliciano, Federal, Federaci\u00f3n y Concordia.<\/p>\n\n\n\n<p>Regi\u00f3n 5: Gualeguay, Gualeguaych\u00fa e Islas del Ibicuy.<\/p>\n\n\n\n<p>M\u00e1s informaci\u00f3n e inscripci\u00f3n en las redes del ConTIER:<\/p>\n\n\n\n<p><a href=\"https:\/\/linktr.ee\/contier?utm_source=linktree_profile_share&amp;ltsid=efe3a6a2-9eaf-4923-b191-84c426c02325\" target=\"_blank\" rel=\"noreferrer noopener\">A ESTE LINK SE ACCEDE A LAS REDES DEL CONTIER Y M\u00c1S INFO<\/a><\/p>\n","protected":false},"excerpt":{"rendered":"<p>Hasta el s\u00e1bado 12 de septiembre se podr\u00e1n postular al cargo de representante regional para el Consejo de Teatro Independiente de Entre R\u00edos (ConTIER), organismo aut\u00e1rquico que funciona en la \u00f3rbita de la Secretar\u00eda de Cultura de Entre R\u00edos y se encarga de velar por la protecci\u00f3n, promoci\u00f3n y apoyo de la actividad teatral independiente. [&hellip;]<\/p>\n","protected":false},"author":49,"featured_media":18144,"comment_status":"open","ping_status":"open","sticky":false,"template":"","format":"standard","meta":{"_et_pb_use_builder":"off","_et_pb_old_content":"","_et_gb_content_width":"","footnotes":""},"categories":[28,132],"tags":[],"class_list":["post-18142","post","type-post","status-publish","format-standard","has-post-thumbnail","hentry","category-noticias","category-consejo-provincial-de-teatro"],"_links":{"self":[{"href":"https:\/\/www.entrerios.gov.ar\/cultura\/wp-json\/wp\/v2\/posts\/18142","targetHints":{"allow":["GET"]}}],"collection":[{"href":"https:\/\/www.entrerios.gov.ar\/cultura\/wp-json\/wp\/v2\/posts"}],"about":[{"href":"https:\/\/www.entrerios.gov.ar\/cultura\/wp-json\/wp\/v2\/types\/post"}],"author":[{"embeddable":true,"href":"https:\/\/www.entrerios.gov.ar\/cultura\/wp-json\/wp\/v2\/users\/49"}],"replies":[{"embeddable":true,"href":"https:\/\/www.entrerios.gov.ar\/cultura\/wp-json\/wp\/v2\/comments?post=18142"}],"version-history":[{"count":1,"href":"https:\/\/www.entrerios.gov.ar\/cultura\/wp-json\/wp\/v2\/posts\/18142\/revisions"}],"predecessor-version":[{"id":18145,"href":"https:\/\/www.entrerios.gov.ar\/cultura\/wp-json\/wp\/v2\/posts\/18142\/revisions\/18145"}],"wp:featuredmedia":[{"embeddable":true,"href":"https:\/\/www.entrerios.gov.ar\/cultura\/wp-json\/wp\/v2\/media\/18144"}],"wp:attachment":[{"href":"https:\/\/www.entrerios.gov.ar\/cultura\/wp-json\/wp\/v2\/media?parent=18142"}],"wp:term":[{"taxonomy":"category","embeddable":true,"href":"https:\/\/www.entrerios.gov.ar\/cultura\/wp-json\/wp\/v2\/categories?post=18142"},{"taxonomy":"post_tag","embeddable":true,"href":"https:\/\/www.entrerios.gov.ar\/cultura\/wp-json\/wp\/v2\/tags?post=18142"}],"curies":[{"name":"wp","href":"https:\/\/api.w.org\/{rel}","templated":true}]}}