{"id":18146,"date":"2026-09-04T18:12:37","date_gmt":"2026-09-04T18:12:37","guid":{"rendered":"https:\/\/www.entrerios.gov.ar\/cultura\/?p=18146"},"modified":"2026-09-04T18:12:40","modified_gmt":"2026-09-04T18:12:40","slug":"invitan-a-la-fiesta-del-mate-cocido-y-la-torta-frita-en-villa-clara","status":"publish","type":"post","link":"https:\/\/www.entrerios.gov.ar\/cultura\/invitan-a-la-fiesta-del-mate-cocido-y-la-torta-frita-en-villa-clara\/","title":{"rendered":"Invitan a la Fiesta del Mate Cocido y la Torta Frita en Villa Clara"},"content":{"rendered":"\n<p>La sexta edici\u00f3n de la Fiesta del Mate Cocido y la Torta Frita se realizar\u00e1 este domingo 6 de septiembre, con entrada libre y gratuita, desde las 12 en el Paseo de la Estaci\u00f3n de Villa Clara, departamento Villaguay. La presentaci\u00f3n a la prensa se realiz\u00f3 este viernes a trav\u00e9s de la Secretar\u00eda de Cultura de Entre R\u00edos.<\/p>\n\n\n\n<p>El secretario de Cultura de Entre R\u00edos, Juli\u00e1n Stoppello, valor\u00f3 \u201cseguir acompa\u00f1ando desde el Gobierno provincial a las fiestas populares entrerrianas, donde se expresa nuestra identidad cultural y adem\u00e1s se promueve el trabajo local\u201d.<\/p>\n\n\n\n<p>El intendente de Villa Clara, Luis Guy, anticip\u00f3 una importante convocatoria. &#8220;Las estimaciones indican que podr\u00edan participar m\u00e1s de 3 mil personas\u201d, afirm\u00f3 y agreg\u00f3 que el evento contar\u00e1 con m\u00e1s de 50 emprendedores de distintos rubros.<\/p>\n\n\n\n<p>El secretario de Gobierno municipal, Mat\u00edas Cattaneo, agradeci\u00f3 el acompa\u00f1amiento provincial y destac\u00f3 concretar una nueva edici\u00f3n. &#8220;Es un esfuerzo enorme que hace el municipio para poder brindar este evento&#8221;, sostuvo.<\/p>\n\n\n\n<p>La jornada comenzar\u00e1 a las 12 del mediod\u00eda con el paso y exposici\u00f3n de m\u00e1s de 120 autos antiguos. Desde las 14 habr\u00e1 espect\u00e1culos con artistas y talleres locales, adem\u00e1s de El Pato Viganoni, La Don C\u00e9sar, La Nueva Tati, Los Raiceritos y un cierre a cargo de Los Charros.<\/p>\n\n\n\n<p>Uno de los principales atractivos ser\u00e1 la gastronom\u00eda. Adem\u00e1s de la tradicional torta frita, se ofrecer\u00e1n ocho variedades, entre ellas elaboradas con harina de ma\u00edz y de arroz, rellenas de jam\u00f3n y queso o salame, con dulce de leche, ajo, glaseadas y la denominada &#8220;torta frita de la abuela&#8221;.<\/p>\n","protected":false},"excerpt":{"rendered":"<p>La sexta edici\u00f3n de la Fiesta del Mate Cocido y la Torta Frita se realizar\u00e1 este domingo 6 de septiembre, con entrada libre y gratuita, desde las 12 en el Paseo de la Estaci\u00f3n de Villa Clara, departamento Villaguay. La presentaci\u00f3n a la prensa se realiz\u00f3 este viernes a trav\u00e9s de la Secretar\u00eda de Cultura [&hellip;]<\/p>\n","protected":false},"author":49,"featured_media":18148,"comment_status":"open","ping_status":"open","sticky":false,"template":"","format":"standard","meta":{"_et_pb_use_builder":"off","_et_pb_old_content":"","_et_gb_content_width":"","footnotes":""},"categories":[1,28,19],"tags":[],"class_list":["post-18146","post","type-post","status-publish","format-standard","has-post-thumbnail","hentry","category-destacado","category-noticias","category-casa-de-la-cultura-de-er"],"_links":{"self":[{"href":"https:\/\/www.entrerios.gov.ar\/cultura\/wp-json\/wp\/v2\/posts\/18146","targetHints":{"allow":["GET"]}}],"collection":[{"href":"https:\/\/www.entrerios.gov.ar\/cultura\/wp-json\/wp\/v2\/posts"}],"about":[{"href":"https:\/\/www.entrerios.gov.ar\/cultura\/wp-json\/wp\/v2\/types\/post"}],"author":[{"embeddable":true,"href":"https:\/\/www.entrerios.gov.ar\/cultura\/wp-json\/wp\/v2\/users\/49"}],"replies":[{"embeddable":true,"href":"https:\/\/www.entrerios.gov.ar\/cultura\/wp-json\/wp\/v2\/comments?post=18146"}],"version-history":[{"count":2,"href":"https:\/\/www.entrerios.gov.ar\/cultura\/wp-json\/wp\/v2\/posts\/18146\/revisions"}],"predecessor-version":[{"id":18149,"href":"https:\/\/www.entrerios.gov.ar\/cultura\/wp-json\/wp\/v2\/posts\/18146\/revisions\/18149"}],"wp:featuredmedia":[{"embeddable":true,"href":"https:\/\/www.entrerios.gov.ar\/cultura\/wp-json\/wp\/v2\/media\/18148"}],"wp:attachment":[{"href":"https:\/\/www.entrerios.gov.ar\/cultura\/wp-json\/wp\/v2\/media?parent=18146"}],"wp:term":[{"taxonomy":"category","embeddable":true,"href":"https:\/\/www.entrerios.gov.ar\/cultura\/wp-json\/wp\/v2\/categories?post=18146"},{"taxonomy":"post_tag","embeddable":true,"href":"https:\/\/www.entrerios.gov.ar\/cultura\/wp-json\/wp\/v2\/tags?post=18146"}],"curies":[{"name":"wp","href":"https:\/\/api.w.org\/{rel}","templated":true}]}}