{"id":18150,"date":"2026-09-05T14:24:53","date_gmt":"2026-09-05T14:24:53","guid":{"rendered":"https:\/\/www.entrerios.gov.ar\/cultura\/?p=18150"},"modified":"2026-09-05T14:24:56","modified_gmt":"2026-09-05T14:24:56","slug":"prorrogan-la-convocatoria-del-teatro-nacional-cervantes-y-la-secretaria-de-cultura-de-entre-rios-para-directores-de-la-provincia","status":"publish","type":"post","link":"https:\/\/www.entrerios.gov.ar\/cultura\/prorrogan-la-convocatoria-del-teatro-nacional-cervantes-y-la-secretaria-de-cultura-de-entre-rios-para-directores-de-la-provincia\/","title":{"rendered":"Prorrogan la convocatoria del Teatro Nacional Cervantes y la Secretar\u00eda de Cultura de Entre R\u00edos para directores de la provincia"},"content":{"rendered":"\n<p>El Teatro Nacional Cervantes y la Secretar\u00eda de Cultura de Entre R\u00edos extendieron la convocatoria para directores que deseen presentar proyectos teatrales a realizarse y estrenarse en La Vieja Usina de Paran\u00e1, en junio de 2027. Es en el marco del 20\u00ba aniversario del programa federal TNC Produce en el pa\u00eds. Todav\u00eda pueden presentarse hasta este viernes 11 de septiembre inclusive.&nbsp;<\/p>\n\n\n\n<p>El Teatro Nacional Cervantes implementa por primera vez esta edici\u00f3n especial con un sistema de tres convocatorias simult\u00e1neas de coproducci\u00f3n directa e integral: Chubut, Entre R\u00edos y La Rioja. El objetivo fundamental de esta acci\u00f3n es profundizar la federalizaci\u00f3n de las artes esc\u00e9nicas nacionales, restableciendo el v\u00ednculo y la producci\u00f3n conjunta con aquellos territorios que no han participado del programa en la \u00faltima d\u00e9cada.<\/p>\n\n\n\n<p>Las propuestas pasar\u00e1n por una instancia de preselecci\u00f3n a cargo de un comit\u00e9 curatorial compuesto por Victoria Lerario, de la provincia de Tierra del Fuego; Blas Arrese Igor, de la provincia de Buenos Aires; y Carly Bastarrechea, de la provincia de Misiones, todos ellos referentes de las artes esc\u00e9nicas a nivel nacional. La resoluci\u00f3n y selecci\u00f3n final ser\u00e1 facultad de la Direcci\u00f3n General del TNC.<\/p>\n\n\n\n<p>a) La convocatoria abri\u00f3 el 4 de agosto a las 00:01 y cerrar\u00e1 el 11 de septiembre a las 23:59.<\/p>\n\n\n\n<p>b) La convocatoria est\u00e1 abierta a la provincia de Entre R\u00edos.<\/p>\n\n\n\n<p>c) Los proyectos se recibir\u00e1n \u00fanicamente en forma digital a trav\u00e9s del formulario y se excluir\u00e1n los presentados por otras v\u00edas.<\/p>\n\n\n\n<p>d) No se aceptar\u00e1n proyectos que hayan sido estrenados o presentados a otras instituciones\/concursos en simult\u00e1neo a esta convocatoria. Tampoco aquellos que hayan comenzado su etapa de producci\u00f3n.<\/p>\n\n\n\n<p>Por dudas o consultas dirigirse a: cervantesenelpais@gmail.com <\/p>\n\n\n\n<p>Bases y Condiciones: <a href=\"https:\/\/www.teatrocervantes.gob.ar\/noticias\/tnc-produce-en-el-pais-convocatoria-federal-temporada-2027-entre-rios\/\">LINK<\/a><\/p>\n\n\n\n<p>Formulario de inscripci\u00f3n: <a href=\"https:\/\/convocatorias.teatrocervantes.gob.ar\/campania\/64\/program_registrations\/new?locale=es\">LINK<\/a><\/p>\n","protected":false},"excerpt":{"rendered":"<p>El Teatro Nacional Cervantes y la Secretar\u00eda de Cultura de Entre R\u00edos extendieron la convocatoria para directores que deseen presentar proyectos teatrales a realizarse y estrenarse en La Vieja Usina de Paran\u00e1, en junio de 2027. Es en el marco del 20\u00ba aniversario del programa federal TNC Produce en el pa\u00eds. Todav\u00eda pueden presentarse hasta [&hellip;]<\/p>\n","protected":false},"author":49,"featured_media":18152,"comment_status":"open","ping_status":"open","sticky":false,"template":"","format":"standard","meta":{"_et_pb_use_builder":"off","_et_pb_old_content":"","_et_gb_content_width":"","footnotes":""},"categories":[28,18,29],"tags":[],"class_list":["post-18150","post","type-post","status-publish","format-standard","has-post-thumbnail","hentry","category-noticias","category-centro-cultural-la-vieja-usina","category-concursos"],"_links":{"self":[{"href":"https:\/\/www.entrerios.gov.ar\/cultura\/wp-json\/wp\/v2\/posts\/18150","targetHints":{"allow":["GET"]}}],"collection":[{"href":"https:\/\/www.entrerios.gov.ar\/cultura\/wp-json\/wp\/v2\/posts"}],"about":[{"href":"https:\/\/www.entrerios.gov.ar\/cultura\/wp-json\/wp\/v2\/types\/post"}],"author":[{"embeddable":true,"href":"https:\/\/www.entrerios.gov.ar\/cultura\/wp-json\/wp\/v2\/users\/49"}],"replies":[{"embeddable":true,"href":"https:\/\/www.entrerios.gov.ar\/cultura\/wp-json\/wp\/v2\/comments?post=18150"}],"version-history":[{"count":1,"href":"https:\/\/www.entrerios.gov.ar\/cultura\/wp-json\/wp\/v2\/posts\/18150\/revisions"}],"predecessor-version":[{"id":18153,"href":"https:\/\/www.entrerios.gov.ar\/cultura\/wp-json\/wp\/v2\/posts\/18150\/revisions\/18153"}],"wp:featuredmedia":[{"embeddable":true,"href":"https:\/\/www.entrerios.gov.ar\/cultura\/wp-json\/wp\/v2\/media\/18152"}],"wp:attachment":[{"href":"https:\/\/www.entrerios.gov.ar\/cultura\/wp-json\/wp\/v2\/media?parent=18150"}],"wp:term":[{"taxonomy":"category","embeddable":true,"href":"https:\/\/www.entrerios.gov.ar\/cultura\/wp-json\/wp\/v2\/categories?post=18150"},{"taxonomy":"post_tag","embeddable":true,"href":"https:\/\/www.entrerios.gov.ar\/cultura\/wp-json\/wp\/v2\/tags?post=18150"}],"curies":[{"name":"wp","href":"https:\/\/api.w.org\/{rel}","templated":true}]}}