{"id":2600,"date":"2021-06-25T22:39:22","date_gmt":"2021-06-25T22:39:22","guid":{"rendered":"https:\/\/www.entrerios.gov.ar\/cultura\/?p=2600"},"modified":"2021-06-25T22:39:24","modified_gmt":"2021-06-25T22:39:24","slug":"este-sabado-vuelve-casa-feria-a-la-casa-de-la-cultura-de-entre-rios","status":"publish","type":"post","link":"https:\/\/www.entrerios.gov.ar\/cultura\/este-sabado-vuelve-casa-feria-a-la-casa-de-la-cultura-de-entre-rios\/","title":{"rendered":"Este s\u00e1bado vuelve Casa Feria a la Casa de la Cultura de Entre R\u00edos"},"content":{"rendered":"\n<p><strong>Este s\u00e1bado se realizar\u00e1 en el patio de Casa de la Cultura de Entre R\u00edos, una nueva edici\u00f3n de Casa Feria, espacio que re\u00fane a emprendedoras, productores, trabajadores de la econom\u00eda popular y feriantes en un marco de producciones sustentables, saludables y ecol\u00f3gicas.<\/strong><\/p>\n\n\n\n<p>La actividad se llevar\u00e1 adelante en Casa de la Cultura de Entre R\u00edos, organismo dependiente de la Secretar\u00eda de Cultura de la Provincia, de 10 a 14 hs, para compartir todas las producciones al aire libre en una edici\u00f3n m\u00e1s de Casa Feria. Durante el paseo se podr\u00e1n conocer, adquirir y disfrutar alimentos saludables, frutas y verduras agroecol\u00f3gicas, cosm\u00e9tica natural, artesan\u00edas de la regi\u00f3n, accesorios y decoraci\u00f3n, entre otros.<\/p>\n\n\n\n<p>Importante: El ingreso es \u00fanicamente con tapabocas, respetando el distanciamiento entre stands y asistentes.<\/p>\n\n\n\n<p>Casa de la Cultura de Entre R\u00edos &#8211; @casacultura.entrerios<\/p>\n\n\n\n<p>Secretaria de Cultura de Entre R\u00edos:&nbsp;<a href=\"http:\/\/cultura.entrerios.gov.ar\/\" target=\"_blank\" rel=\"noreferrer noopener\">http:\/\/cultura.entrerios.gov.ar\/<\/a><\/p>\n","protected":false},"excerpt":{"rendered":"<p>Este s\u00e1bado se realizar\u00e1 en el patio de Casa de la Cultura de Entre R\u00edos, una nueva edici\u00f3n de Casa Feria, espacio que re\u00fane a emprendedoras, productores, trabajadores de la econom\u00eda popular y feriantes en un marco de producciones sustentables, saludables y ecol\u00f3gicas. La actividad se llevar\u00e1 adelante en Casa de la Cultura de Entre [&hellip;]<\/p>\n","protected":false},"author":2,"featured_media":2601,"comment_status":"open","ping_status":"open","sticky":false,"template":"","format":"standard","meta":{"_et_pb_use_builder":"off","_et_pb_old_content":"","_et_gb_content_width":"","footnotes":""},"categories":[28,19],"tags":[],"class_list":["post-2600","post","type-post","status-publish","format-standard","has-post-thumbnail","hentry","category-noticias","category-casa-de-la-cultura-de-er"],"_links":{"self":[{"href":"https:\/\/www.entrerios.gov.ar\/cultura\/wp-json\/wp\/v2\/posts\/2600","targetHints":{"allow":["GET"]}}],"collection":[{"href":"https:\/\/www.entrerios.gov.ar\/cultura\/wp-json\/wp\/v2\/posts"}],"about":[{"href":"https:\/\/www.entrerios.gov.ar\/cultura\/wp-json\/wp\/v2\/types\/post"}],"author":[{"embeddable":true,"href":"https:\/\/www.entrerios.gov.ar\/cultura\/wp-json\/wp\/v2\/users\/2"}],"replies":[{"embeddable":true,"href":"https:\/\/www.entrerios.gov.ar\/cultura\/wp-json\/wp\/v2\/comments?post=2600"}],"version-history":[{"count":1,"href":"https:\/\/www.entrerios.gov.ar\/cultura\/wp-json\/wp\/v2\/posts\/2600\/revisions"}],"predecessor-version":[{"id":2602,"href":"https:\/\/www.entrerios.gov.ar\/cultura\/wp-json\/wp\/v2\/posts\/2600\/revisions\/2602"}],"wp:featuredmedia":[{"embeddable":true,"href":"https:\/\/www.entrerios.gov.ar\/cultura\/wp-json\/wp\/v2\/media\/2601"}],"wp:attachment":[{"href":"https:\/\/www.entrerios.gov.ar\/cultura\/wp-json\/wp\/v2\/media?parent=2600"}],"wp:term":[{"taxonomy":"category","embeddable":true,"href":"https:\/\/www.entrerios.gov.ar\/cultura\/wp-json\/wp\/v2\/categories?post=2600"},{"taxonomy":"post_tag","embeddable":true,"href":"https:\/\/www.entrerios.gov.ar\/cultura\/wp-json\/wp\/v2\/tags?post=2600"}],"curies":[{"name":"wp","href":"https:\/\/api.w.org\/{rel}","templated":true}]}}