{"id":2610,"date":"2021-06-25T22:59:51","date_gmt":"2021-06-25T22:59:51","guid":{"rendered":"https:\/\/www.entrerios.gov.ar\/cultura\/?p=2610"},"modified":"2021-07-04T22:34:42","modified_gmt":"2021-07-04T22:34:42","slug":"actividades-para-recordar-el-aniversario-de-la-fundacion-eva-peron","status":"publish","type":"post","link":"https:\/\/www.entrerios.gov.ar\/cultura\/actividades-para-recordar-el-aniversario-de-la-fundacion-eva-peron\/","title":{"rendered":"Actividades para recordar el aniversario de la Fundaci\u00f3n Eva Per\u00f3n"},"content":{"rendered":"[et_pb_section admin_label=&#8221;section&#8221;]\n\t\t\t[et_pb_row admin_label=&#8221;row&#8221;]\n\t\t\t\t[et_pb_column type=&#8221;4_4&#8243;][et_pb_text admin_label=&#8221;Text&#8221;]\n<p><strong>El Museo Provincial Hogar Escuela Eva Per\u00f3n, que depende de la Secretar\u00eda de Cultura de Entre R\u00edos, desarrollar\u00e1 una serie de actividades en conmemoraci\u00f3n del 73\u00b0 aniversario de la creaci\u00f3n de la instituci\u00f3n que plasm\u00f3 la obra social de Evita, producida el 19 de junio de 1948.<\/strong><\/p>\n\n\n\n<p>Una de ellas ser\u00e1 la presentaci\u00f3n de un contenido original producido por el equipo de Mediadores Culturales del museo (Estudiantes becarios de distintas carreras de UADER). Ser\u00e1 publicado el pr\u00f3ximo s\u00e1bado 19 en las redes sociales del Museo y tambi\u00e9n en el Portal Aprender del Consejo General de Educaci\u00f3n (CGE).<\/p>\n\n\n\n<p>El video del Museo Provincial Hogar Escuela Eva Per\u00f3n est\u00e1 pensado para el p\u00fablico infantil. Su imagen y dise\u00f1o invita a adentrarse en la Historia de la Fundaci\u00f3n, presentando de manera did\u00e1ctica los objetos que el museo resguarda.<\/p>\n\n\n\n<p>Para su creaci\u00f3n se planific\u00f3 un gui\u00f3n, el cual fue narrado por diferentes mediadores culturales y como complemento fundamental se sum\u00f3 la voz de &#8220;Ari&#8221;, un personaje anfitri\u00f3n, quien comienza y finaliza el v\u00eddeo.<\/p>\n\n\n\n<p>Esta propuesta se basa en compartir con las infancias un recorrido de nuestro espacio de memoria, con la exposici\u00f3n y narraci\u00f3n de cada objeto que se encuentra presente en el museo.<\/p>\n\n\n\n<p>El recorrido virtual en cuesti\u00f3n, intenta llegar a este p\u00fablico en particular a trav\u00e9s de la utilizaci\u00f3n de gr\u00e1ficas, gui\u00f3n, narraci\u00f3n, personajes y musicalidad que se condensan para lograr un material did\u00e1ctico y educativo.<\/p>\n\n\n\n<p>Visita guiada<\/p>\n\n\n\n<p>El desarrollo del video comienza con la llegada de &#8220;Ari&#8221; al museo, luego se recorren los diferentes ambientes del museo con sus respectivos objetos, ambientes que son guiados por los diferentes mediadores. El video finaliza una vez que el personaje culmina su visita guiada.<\/p>\n\n\n\n<p>Con esta actividad el Museo Provincial Hogar Escuela Eva Per\u00f3n, se propone una vez m\u00e1s, seguir nutriendo la relaci\u00f3n con el p\u00fablico infantil. Creando de manera comprometida recursos y materiales que le sean propios a las infancias, con el fin de dar a conocer la historia de la Fundaci\u00f3n y su enraizamiento con el presente.<\/p>\n\n\n\n<p>El staff que produjo este audiovisual did\u00e1ctico est\u00e1 conformado por: Macarena Cristaldo (producci\u00f3n, idea y gui\u00f3n); Ariadna Maldonado Arduino (voz de Ari); Jimena Franco, Macarena Cristaldo, Florencia Haller y Joaqu\u00edn Villagra (voces complementarias), quienes se desempe\u00f1an como Mediadores Culturales en el Museo, siendo becarios de UADER.<\/p>\n\n\n\n<p>Presentaci\u00f3n del video Mujeres<\/p>\n\n\n\n<p>Tambi\u00e9n este s\u00e1bado 19, se publicar\u00e1 en el Facebook Museo Provincial Hogar Escuela Eva Per\u00f3n, la visita virtual con perspectiva de g\u00e9nero por el Museo y el Complejo Escuela Hogar. Se titula \u201cMujeres\u201d, con una duraci\u00f3n de 20 minutos, que se present\u00f3 oportunamente en la Noche de los Museos 2020.<\/p>\n\n\n\n<p>Historia de la Fundaci\u00f3n Eva Per\u00f3n<\/p>\n\n\n\n<p>En el proceso de transformaciones que se inicia en el pa\u00eds el 17 de octubre de 1945, con fuerte impacto en lo econ\u00f3mico, social, jur\u00eddico y cultural; se destaca como una creaci\u00f3n innovadora, desafiante y trascendente en la historia de las pol\u00edticas p\u00fablicas hacia los sectores m\u00e1s desvalidos, la Fundaci\u00f3n Eva Per\u00f3n.<\/p>\n\n\n\n<p>Se constituy\u00f3 como Fundaci\u00f3n de Ayuda Social Eva Per\u00f3n el 19 de junio del a\u00f1o 1948, siendo reconocida formalmente por decreto N\u00b020.564 del presidente Juan Domingo Per\u00f3n el 8 de julio de ese mismo a\u00f1o, bajo el nombre \u201cFundaci\u00f3n de Ayuda Social Mar\u00eda Eva Duarte de Per\u00f3n\u201d. Luego, por el decreto N\u00b020.268 del 25 de septiembre de 1950 pas\u00f3 a llamarse \u201cFundaci\u00f3n Eva Per\u00f3n\u201d (FEP).<\/p>\n\n\n\n<p>Sara Liponezky, directora del Museo Hogar Escuela Eva Per\u00f3n, record\u00f3 que \u201cguiada por el formidable impulso justiciero de Evita, signific\u00f3 un cambio extraordinario en el paradigma de las pol\u00edticas sociales. Como bien lo sintetizara su fundadora: \u201cLo que yo hago a favor de los humildes de mi Patria no es m\u00e1s que justicia (\u2026) no es filantrop\u00eda, ni es solidaridad social, ni es beneficencia\u201d. De esta forma, ella rescata e instala ese concepto que apareci\u00f3 en Europa a mediados del Siglo XIX poco antes de la Segunda Guerra Mundial y como respuesta ante las desigualdades que evidencia el sistema capitalista\u201d.<\/p>\n\n\n\n<p>Y agreg\u00f3 que su obra \u201cfue una versi\u00f3n de la Justicia como valor con sentido de equidad, de distribuci\u00f3n equilibrada de bienes y recursos, de reparaci\u00f3n ante el da\u00f1o causado por las carencias. Se trataba de priorizar el desarrollo humano en un contexto de crecimiento virtuoso de la econom\u00eda, de compensar la ausencia de oportunidades disponiendo los recursos necesarios desde el Estado y la comunidad para lograr ese objetivo. Esa nueva mirada hacia la sociedad real con sus brutales diferencias, se tradujo en una obra gigantesca. As\u00ed se construyeron Hogares Escuelas en todo el pa\u00eds, policl\u00ednicos, hospitales, centros recreativos y de capacitaci\u00f3n en oficios, planes de viviendas,colonias de vacaciones, la Escuela de enfermer\u00eda, entre otros. Adem\u00e1s de la permanente provisi\u00f3n de herramientas de trabajo, alimentos e insumos necesarios para mejorar sustancialmente la calidad de vida de la poblaci\u00f3n\u201d.<\/p>\n[\/et_pb_text][\/et_pb_column]\n\t\t\t[\/et_pb_row]\n\t\t[\/et_pb_section]","protected":false},"excerpt":{"rendered":"<p>El Museo Provincial Hogar Escuela Eva Per\u00f3n, que depende de la Secretar\u00eda de Cultura de Entre R\u00edos, desarrollar\u00e1 una serie de actividades en conmemoraci\u00f3n del 73\u00b0 aniversario de la creaci\u00f3n de la instituci\u00f3n que plasm\u00f3 la obra social de Evita, producida el 19 de junio de 1948. Una de ellas ser\u00e1 la presentaci\u00f3n de un [&hellip;]<\/p>\n","protected":false},"author":2,"featured_media":2611,"comment_status":"open","ping_status":"open","sticky":false,"template":"","format":"standard","meta":{"_et_pb_use_builder":"on","_et_pb_old_content":"<!-- wp:paragraph -->\n<p><strong>El Museo Provincial Hogar Escuela Eva Per\u00f3n, que depende de la Secretar\u00eda de Cultura de Entre R\u00edos, desarrollar\u00e1 una serie de actividades en conmemoraci\u00f3n del 73\u00b0 aniversario de la creaci\u00f3n de la instituci\u00f3n que plasm\u00f3 la obra social de Evita, producida el 19 de junio de 1948.<\/strong><\/p>\n<!-- \/wp:paragraph -->\n\n<!-- wp:paragraph -->\n<p>Una de ellas ser\u00e1 la presentaci\u00f3n de un contenido original producido por el equipo de Mediadores Culturales del museo (Estudiantes becarios de distintas carreras de UADER). Ser\u00e1 publicado el pr\u00f3ximo s\u00e1bado 19 en las redes sociales del Museo y tambi\u00e9n en el Portal Aprender del Consejo General de Educaci\u00f3n (CGE).<\/p>\n<!-- \/wp:paragraph -->\n\n<!-- wp:paragraph -->\n<p>El video del Museo Provincial Hogar Escuela Eva Per\u00f3n est\u00e1 pensado para el p\u00fablico infantil. Su imagen y dise\u00f1o invita a adentrarse en la Historia de la Fundaci\u00f3n, presentando de manera did\u00e1ctica los objetos que el museo resguarda.<\/p>\n<!-- \/wp:paragraph -->\n\n<!-- wp:paragraph -->\n<p>Para su creaci\u00f3n se planific\u00f3 un gui\u00f3n, el cual fue narrado por diferentes mediadores culturales y como complemento fundamental se sum\u00f3 la voz de \"Ari\", un personaje anfitri\u00f3n, quien comienza y finaliza el v\u00eddeo.<\/p>\n<!-- \/wp:paragraph -->\n\n<!-- wp:paragraph -->\n<p>Esta propuesta se basa en compartir con las infancias un recorrido de nuestro espacio de memoria, con la exposici\u00f3n y narraci\u00f3n de cada objeto que se encuentra presente en el museo.<\/p>\n<!-- \/wp:paragraph -->\n\n<!-- wp:paragraph -->\n<p>El recorrido virtual en cuesti\u00f3n, intenta llegar a este p\u00fablico en particular a trav\u00e9s de la utilizaci\u00f3n de gr\u00e1ficas, gui\u00f3n, narraci\u00f3n, personajes y musicalidad que se condensan para lograr un material did\u00e1ctico y educativo.<\/p>\n<!-- \/wp:paragraph -->\n\n<!-- wp:paragraph -->\n<p>Visita guiada<\/p>\n<!-- \/wp:paragraph -->\n\n<!-- wp:paragraph -->\n<p>El desarrollo del video comienza con la llegada de \"Ari\" al museo, luego se recorren los diferentes ambientes del museo con sus respectivos objetos, ambientes que son guiados por los diferentes mediadores. El video finaliza una vez que el personaje culmina su visita guiada.<\/p>\n<!-- \/wp:paragraph -->\n\n<!-- wp:paragraph -->\n<p>Con esta actividad el Museo Provincial Hogar Escuela Eva Per\u00f3n, se propone una vez m\u00e1s, seguir nutriendo la relaci\u00f3n con el p\u00fablico infantil. Creando de manera comprometida recursos y materiales que le sean propios a las infancias, con el fin de dar a conocer la historia de la Fundaci\u00f3n y su enraizamiento con el presente.<\/p>\n<!-- \/wp:paragraph -->\n\n<!-- wp:paragraph -->\n<p>El staff que produjo este audiovisual did\u00e1ctico est\u00e1 conformado por: Macarena Cristaldo (producci\u00f3n, idea y gui\u00f3n); Ariadna Maldonado Arduino (voz de Ari); Jimena Franco, Macarena Cristaldo, Florencia Haller y Joaqu\u00edn Villagra (voces complementarias), quienes se desempe\u00f1an como Mediadores Culturales en el Museo, siendo becarios de UADER.<\/p>\n<!-- \/wp:paragraph -->\n\n<!-- wp:paragraph -->\n<p>Presentaci\u00f3n del video Mujeres<\/p>\n<!-- \/wp:paragraph -->\n\n<!-- wp:paragraph -->\n<p>Tambi\u00e9n este s\u00e1bado 19, se publicar\u00e1 en el Facebook Museo Provincial Hogar Escuela Eva Per\u00f3n, la visita virtual con perspectiva de g\u00e9nero por el Museo y el Complejo Escuela Hogar. Se titula \u201cMujeres\u201d, con una duraci\u00f3n de 20 minutos, que se present\u00f3 oportunamente en la Noche de los Museos 2020.<\/p>\n<!-- \/wp:paragraph -->\n\n<!-- wp:paragraph -->\n<p>Historia de la Fundaci\u00f3n Eva Per\u00f3n<\/p>\n<!-- \/wp:paragraph -->\n\n<!-- wp:paragraph -->\n<p>En el proceso de transformaciones que se inicia en el pa\u00eds el 17 de octubre de 1945, con fuerte impacto en lo econ\u00f3mico, social, jur\u00eddico y cultural; se destaca como una creaci\u00f3n innovadora, desafiante y trascendente en la historia de las pol\u00edticas p\u00fablicas hacia los sectores m\u00e1s desvalidos, la Fundaci\u00f3n Eva Per\u00f3n.<\/p>\n<!-- \/wp:paragraph -->\n\n<!-- wp:paragraph -->\n<p>Se constituy\u00f3 como Fundaci\u00f3n de Ayuda Social Eva Per\u00f3n el 19 de junio del a\u00f1o 1948, siendo reconocida formalmente por decreto N\u00b020.564 del presidente Juan Domingo Per\u00f3n el 8 de julio de ese mismo a\u00f1o, bajo el nombre \u201cFundaci\u00f3n de Ayuda Social Mar\u00eda Eva Duarte de Per\u00f3n\u201d. Luego, por el decreto N\u00b020.268 del 25 de septiembre de 1950 pas\u00f3 a llamarse \u201cFundaci\u00f3n Eva Per\u00f3n\u201d (FEP).<\/p>\n<!-- \/wp:paragraph -->\n\n<!-- wp:paragraph -->\n<p>Sara Liponezky, directora del Museo Hogar Escuela Eva Per\u00f3n, record\u00f3 que \u201cguiada por el formidable impulso justiciero de Evita, signific\u00f3 un cambio extraordinario en el paradigma de las pol\u00edticas sociales. Como bien lo sintetizara su fundadora: \u201cLo que yo hago a favor de los humildes de mi Patria no es m\u00e1s que justicia (\u2026) no es filantrop\u00eda, ni es solidaridad social, ni es beneficencia\u201d. De esta forma, ella rescata e instala ese concepto que apareci\u00f3 en Europa a mediados del Siglo XIX poco antes de la Segunda Guerra Mundial y como respuesta ante las desigualdades que evidencia el sistema capitalista\u201d.<\/p>\n<!-- \/wp:paragraph -->\n\n<!-- wp:paragraph -->\n<p>Y agreg\u00f3 que su obra \u201cfue una versi\u00f3n de la Justicia como valor con sentido de equidad, de distribuci\u00f3n equilibrada de bienes y recursos, de reparaci\u00f3n ante el da\u00f1o causado por las carencias. Se trataba de priorizar el desarrollo humano en un contexto de crecimiento virtuoso de la econom\u00eda, de compensar la ausencia de oportunidades disponiendo los recursos necesarios desde el Estado y la comunidad para lograr ese objetivo. Esa nueva mirada hacia la sociedad real con sus brutales diferencias, se tradujo en una obra gigantesca. As\u00ed se construyeron Hogares Escuelas en todo el pa\u00eds, policl\u00ednicos, hospitales, centros recreativos y de capacitaci\u00f3n en oficios, planes de viviendas,colonias de vacaciones, la Escuela de enfermer\u00eda, entre otros. Adem\u00e1s de la permanente provisi\u00f3n de herramientas de trabajo, alimentos e insumos necesarios para mejorar sustancialmente la calidad de vida de la poblaci\u00f3n\u201d.<\/p>\n<!-- \/wp:paragraph -->","_et_gb_content_width":"","footnotes":""},"categories":[28,14],"tags":[],"class_list":["post-2610","post","type-post","status-publish","format-standard","has-post-thumbnail","hentry","category-noticias","category-museo-hogar-escuela-eva-peron"],"_links":{"self":[{"href":"https:\/\/www.entrerios.gov.ar\/cultura\/wp-json\/wp\/v2\/posts\/2610","targetHints":{"allow":["GET"]}}],"collection":[{"href":"https:\/\/www.entrerios.gov.ar\/cultura\/wp-json\/wp\/v2\/posts"}],"about":[{"href":"https:\/\/www.entrerios.gov.ar\/cultura\/wp-json\/wp\/v2\/types\/post"}],"author":[{"embeddable":true,"href":"https:\/\/www.entrerios.gov.ar\/cultura\/wp-json\/wp\/v2\/users\/2"}],"replies":[{"embeddable":true,"href":"https:\/\/www.entrerios.gov.ar\/cultura\/wp-json\/wp\/v2\/comments?post=2610"}],"version-history":[{"count":3,"href":"https:\/\/www.entrerios.gov.ar\/cultura\/wp-json\/wp\/v2\/posts\/2610\/revisions"}],"predecessor-version":[{"id":3458,"href":"https:\/\/www.entrerios.gov.ar\/cultura\/wp-json\/wp\/v2\/posts\/2610\/revisions\/3458"}],"wp:featuredmedia":[{"embeddable":true,"href":"https:\/\/www.entrerios.gov.ar\/cultura\/wp-json\/wp\/v2\/media\/2611"}],"wp:attachment":[{"href":"https:\/\/www.entrerios.gov.ar\/cultura\/wp-json\/wp\/v2\/media?parent=2610"}],"wp:term":[{"taxonomy":"category","embeddable":true,"href":"https:\/\/www.entrerios.gov.ar\/cultura\/wp-json\/wp\/v2\/categories?post=2610"},{"taxonomy":"post_tag","embeddable":true,"href":"https:\/\/www.entrerios.gov.ar\/cultura\/wp-json\/wp\/v2\/tags?post=2610"}],"curies":[{"name":"wp","href":"https:\/\/api.w.org\/{rel}","templated":true}]}}