{"id":2616,"date":"2021-06-25T23:12:48","date_gmt":"2021-06-25T23:12:48","guid":{"rendered":"https:\/\/www.entrerios.gov.ar\/cultura\/?p=2616"},"modified":"2021-06-25T23:12:49","modified_gmt":"2021-06-25T23:12:49","slug":"doble-horizonte-se-transmite-este-jueves-desde-casa-de-la-cultura","status":"publish","type":"post","link":"https:\/\/www.entrerios.gov.ar\/cultura\/doble-horizonte-se-transmite-este-jueves-desde-casa-de-la-cultura\/","title":{"rendered":"Doble Horizonte se transmite este jueves desde Casa de la Cultura"},"content":{"rendered":"\n<p><strong>Con una nueva propuesta art\u00edstica, el ciclo Doble Horizonte de Casa de la Cultura de Entre R\u00edos invita a presenciar una nueva edici\u00f3n virtual junto a \u201cEl \u00daltimo Tigre Blando\u201d y \u201cCampi Helwing\u201d.<\/strong><\/p>\n\n\n\n<p>La cita es este jueves 24 a las 21hs y se trasmitir\u00e1 por los canales de Facebook y YouTube de Casa de la Cultura.<\/p>\n\n\n\n<p>Doble Horizonte es una propuesta que combina m\u00fasica y visuales en Casa de la Cultura de Entre R\u00edos, organismo dependiente de la Secretar\u00eda de Cultura de Entre R\u00edos. El ciclo forma parte de La Casa Viaja, conjunto de actividades culturales que exploran el territorio provincial proponiendo el cruce de lenguajes art\u00edsticos.<\/p>\n\n\n\n<p>La actividad se podr\u00e1 seguir v\u00eda streaming por las redes sociales del centro cultural.<\/p>\n\n\n\n<p>Doble horizonte se realiza en conjunto con el Punto Digital Paran\u00e1.<\/p>\n\n\n\n<p>Sobre quienes participan<\/p>\n\n\n\n<p>Axel Martin Cuatrin<\/p>\n\n\n\n<p>\u201cEl \u00daltimo Tigre Blando\u201d: el nombre del artista es Axel Martin Cuatrin, m\u00fasico. Guitarrista de Chulengo Full y cantante de La Burda.<\/p>\n\n\n\n<p>Campi Helwig<\/p>\n\n\n\n<p>Es estudiante de Artes Visuales oriunda de Paran\u00e1. Realiz\u00f3 la Licenciatura en Artes Visuales dentro de la Universidad Aut\u00f3noma de Entre R\u00edos. En 2019 continu\u00f3 con sus estudios, en este caso Profesorado, dentro de la Escuela Provincial de Artes Visuales Juan Mantonvani. En la actualidad contin\u00faa su formaci\u00f3n en dicha instituci\u00f3n.<\/p>\n\n\n\n<p>Su desarrollo dentro de una propia identidad visual est\u00e1 centrada en el dibujo y la pintura, como t\u00e9cnicas vigentes de experimentaci\u00f3n y expansi\u00f3n.<\/p>\n\n\n\n<p>Entre tintes surrealistas y a modo espejo que comparte un nuevo lenguaje de la artista, Campi Helwig invita al espectador a jugar con la subjetividad de lo conocido. Lo observado y por observar.<\/p>\n\n\n\n<p>Por streaming<\/p>\n\n\n\n<p>YouTube ingresando a:&nbsp;<a href=\"https:\/\/www.youtube.com\/channel\/UC-JICurci8B92MkoTyAdyWQ\" target=\"_blank\" rel=\"noreferrer noopener\">https:\/\/www.youtube.com\/channel\/UC-JICurci8B92MkoTyAdyWQ<\/a><\/p>\n\n\n\n<p>O al canal de Facebook de Casa de la Cultura:<\/p>\n\n\n\n<figure class=\"wp-block-embed\"><div class=\"wp-block-embed__wrapper\">\nhttps:\/\/www.facebook.com\/casacultura.entrerios\/\n<\/div><\/figure>\n\n\n\n<p>Mail:&nbsp;<a href=\"mailto:casaculturaentrerios@gmail.com\">casaculturaentrerios@gmail.com<\/a><\/p>\n","protected":false},"excerpt":{"rendered":"<p>Con una nueva propuesta art\u00edstica, el ciclo Doble Horizonte de Casa de la Cultura de Entre R\u00edos invita a presenciar una nueva edici\u00f3n virtual junto a \u201cEl \u00daltimo Tigre Blando\u201d y \u201cCampi Helwing\u201d. La cita es este jueves 24 a las 21hs y se trasmitir\u00e1 por los canales de Facebook y YouTube de Casa de [&hellip;]<\/p>\n","protected":false},"author":2,"featured_media":2617,"comment_status":"open","ping_status":"open","sticky":false,"template":"","format":"standard","meta":{"_et_pb_use_builder":"off","_et_pb_old_content":"","_et_gb_content_width":"","footnotes":""},"categories":[28,19],"tags":[],"class_list":["post-2616","post","type-post","status-publish","format-standard","has-post-thumbnail","hentry","category-noticias","category-casa-de-la-cultura-de-er"],"_links":{"self":[{"href":"https:\/\/www.entrerios.gov.ar\/cultura\/wp-json\/wp\/v2\/posts\/2616","targetHints":{"allow":["GET"]}}],"collection":[{"href":"https:\/\/www.entrerios.gov.ar\/cultura\/wp-json\/wp\/v2\/posts"}],"about":[{"href":"https:\/\/www.entrerios.gov.ar\/cultura\/wp-json\/wp\/v2\/types\/post"}],"author":[{"embeddable":true,"href":"https:\/\/www.entrerios.gov.ar\/cultura\/wp-json\/wp\/v2\/users\/2"}],"replies":[{"embeddable":true,"href":"https:\/\/www.entrerios.gov.ar\/cultura\/wp-json\/wp\/v2\/comments?post=2616"}],"version-history":[{"count":1,"href":"https:\/\/www.entrerios.gov.ar\/cultura\/wp-json\/wp\/v2\/posts\/2616\/revisions"}],"predecessor-version":[{"id":2618,"href":"https:\/\/www.entrerios.gov.ar\/cultura\/wp-json\/wp\/v2\/posts\/2616\/revisions\/2618"}],"wp:featuredmedia":[{"embeddable":true,"href":"https:\/\/www.entrerios.gov.ar\/cultura\/wp-json\/wp\/v2\/media\/2617"}],"wp:attachment":[{"href":"https:\/\/www.entrerios.gov.ar\/cultura\/wp-json\/wp\/v2\/media?parent=2616"}],"wp:term":[{"taxonomy":"category","embeddable":true,"href":"https:\/\/www.entrerios.gov.ar\/cultura\/wp-json\/wp\/v2\/categories?post=2616"},{"taxonomy":"post_tag","embeddable":true,"href":"https:\/\/www.entrerios.gov.ar\/cultura\/wp-json\/wp\/v2\/tags?post=2616"}],"curies":[{"name":"wp","href":"https:\/\/api.w.org\/{rel}","templated":true}]}}