{"id":4187,"date":"2021-07-28T14:35:53","date_gmt":"2021-07-28T14:35:53","guid":{"rendered":"https:\/\/www.entrerios.gov.ar\/cultura\/?p=4187"},"modified":"2021-07-28T14:35:55","modified_gmt":"2021-07-28T14:35:55","slug":"el-rap-esta-en-la-casa-se-presenta-este-jueves-a-traves-de-streaming","status":"publish","type":"post","link":"https:\/\/www.entrerios.gov.ar\/cultura\/el-rap-esta-en-la-casa-se-presenta-este-jueves-a-traves-de-streaming\/","title":{"rendered":"El Rap Est\u00e1 en la Casa se presenta este jueves a trav\u00e9s de streaming"},"content":{"rendered":"\n<p><strong>La Casa de la Cultura de Entre R\u00edos, organismo dependiente de la Secretar\u00eda de Cultura de Entre R\u00edos, invita a compartir un nuevo encuentro del ciclo El Rap est\u00e1 en la Casa.\u00a0<\/strong><\/p>\n\n\n\n<p>El encuentro ser\u00e1 este jueves a las 21 hs; en esta oportunidad actuar\u00e1n los artistas Vimana Rimshot. La cita es modalidad streaming y se puede seguir por las plataformas de Facebook y Youtube de la Casa de la Cultura. <a href=\"https:\/\/www.youtube.com\/channel\/UC-JICurci8B92MkoTyAdyWQ\" target=\"_blank\" rel=\"noreferrer noopener\">https:\/\/www.youtube.com\/channel\/UC-JICurci8B92MkoTyAdyWQ<\/a><\/p>\n\n\n\n<p><a href=\"https:\/\/www.facebook.com\/casacultura.entrerios\/\">https:\/\/www.facebook.com\/casacultura.entrerios\/<\/a><\/p>\n\n\n\n<p>El Rap est\u00e1 en la Casa es un proyecto que forma parte de la iniciativa La Casa Viaja.<\/p>\n\n\n\n<p>Para m\u00e1s informaci\u00f3n: <a href=\"mailto:casaculturaentrerios@gmail.com\" target=\"_blank\" rel=\"noreferrer noopener\">casaculturaentrerios@gmail.com<\/a><\/p>\n","protected":false},"excerpt":{"rendered":"<p>La Casa de la Cultura de Entre R\u00edos, organismo dependiente de la Secretar\u00eda de Cultura de Entre R\u00edos, invita a compartir un nuevo encuentro del ciclo El Rap est\u00e1 en la Casa.\u00a0 El encuentro ser\u00e1 este jueves a las 21 hs; en esta oportunidad actuar\u00e1n los artistas Vimana Rimshot. La cita es modalidad streaming y [&hellip;]<\/p>\n","protected":false},"author":5,"featured_media":4188,"comment_status":"closed","ping_status":"closed","sticky":false,"template":"","format":"standard","meta":{"_et_pb_use_builder":"off","_et_pb_old_content":"","_et_gb_content_width":"","footnotes":""},"categories":[28,19],"tags":[],"class_list":["post-4187","post","type-post","status-publish","format-standard","has-post-thumbnail","hentry","category-noticias","category-casa-de-la-cultura-de-er"],"_links":{"self":[{"href":"https:\/\/www.entrerios.gov.ar\/cultura\/wp-json\/wp\/v2\/posts\/4187","targetHints":{"allow":["GET"]}}],"collection":[{"href":"https:\/\/www.entrerios.gov.ar\/cultura\/wp-json\/wp\/v2\/posts"}],"about":[{"href":"https:\/\/www.entrerios.gov.ar\/cultura\/wp-json\/wp\/v2\/types\/post"}],"author":[{"embeddable":true,"href":"https:\/\/www.entrerios.gov.ar\/cultura\/wp-json\/wp\/v2\/users\/5"}],"replies":[{"embeddable":true,"href":"https:\/\/www.entrerios.gov.ar\/cultura\/wp-json\/wp\/v2\/comments?post=4187"}],"version-history":[{"count":1,"href":"https:\/\/www.entrerios.gov.ar\/cultura\/wp-json\/wp\/v2\/posts\/4187\/revisions"}],"predecessor-version":[{"id":4189,"href":"https:\/\/www.entrerios.gov.ar\/cultura\/wp-json\/wp\/v2\/posts\/4187\/revisions\/4189"}],"wp:featuredmedia":[{"embeddable":true,"href":"https:\/\/www.entrerios.gov.ar\/cultura\/wp-json\/wp\/v2\/media\/4188"}],"wp:attachment":[{"href":"https:\/\/www.entrerios.gov.ar\/cultura\/wp-json\/wp\/v2\/media?parent=4187"}],"wp:term":[{"taxonomy":"category","embeddable":true,"href":"https:\/\/www.entrerios.gov.ar\/cultura\/wp-json\/wp\/v2\/categories?post=4187"},{"taxonomy":"post_tag","embeddable":true,"href":"https:\/\/www.entrerios.gov.ar\/cultura\/wp-json\/wp\/v2\/tags?post=4187"}],"curies":[{"name":"wp","href":"https:\/\/api.w.org\/{rel}","templated":true}]}}