{"id":4201,"date":"2021-07-29T14:41:49","date_gmt":"2021-07-29T14:41:49","guid":{"rendered":"https:\/\/www.entrerios.gov.ar\/cultura\/?p=4201"},"modified":"2021-07-29T14:41:51","modified_gmt":"2021-07-29T14:41:51","slug":"nueva-publicacion-sobre-el-barrio-del-tambor-de-parana","status":"publish","type":"post","link":"https:\/\/www.entrerios.gov.ar\/cultura\/nueva-publicacion-sobre-el-barrio-del-tambor-de-parana\/","title":{"rendered":"Nueva publicaci\u00f3n sobre el Barrio del Tambor de Paran\u00e1"},"content":{"rendered":"\n<p><strong>Con el apoyo de la Secretar\u00eda de Cultura de la Provincia y el Museo de Ciencias Naturales y Antropol\u00f3gicas Prof. Antonio Serrano, se acaba de\u00a0 publicar el libro \u201cEl Barrio del Tambo:\u00a0 Arqueolog\u00eda hist\u00f3rica en espacios afro de Paran\u00e1 que estudia la di\u00e1spora africana en Entre R\u00edos y el caso de la Capilla Norte San Miguel Arc\u00e1ngel a trav\u00e9s de las excavaciones realizadas en la zona.<\/strong><\/p>\n\n\n\n<p>\u00abEl Barrio del Tambor: Arqueolog\u00eda hist\u00f3rica en espacios afro de Paran\u00e1. Excavaciones en la capilla de San Miguel Arc\u00e1ngel\u00bb de Alejandro Richard y Daniel Sch\u00e1velzon, forma parte de la colecci\u00f3n \u201cEdiciones del CAU\u201d del Centro de Arqueolog\u00eda Urbana, de la Facultad de Arquitectura, Dise\u00f1o y Urbanismo (UBA).&nbsp;<\/p>\n\n\n\n<p>&#8220;La arqueolog\u00eda de los africanos y afrodescendientes en el pa\u00eds ha crecido en los \u00faltimos a\u00f1os. Desde un desconocimiento tradicional, varios proyectos de estudio han tomado fuerza y avanzan en un mayor conocimiento de una parte significativa de nuestro pasado oculto.&#8221; explic\u00f3 Sch\u00e1velzon&nbsp;&nbsp;<\/p>\n\n\n\n<p>El libro cuenta con un pr\u00f3logo del reconocido arque\u00f3logo Carlos Ceruti, que ha llevado adelante distintas investigaciones en nuestra provincia, y consta de dos cap\u00edtulos: &#8220;Arqueolog\u00eda de la di\u00e1spora africana en Entre R\u00edos: desaf\u00edos y posibilidades.&#8221; a cargo del arque\u00f3logo Alejandro Richard,&nbsp; y &#8220;La capilla de San Miguel en Paran\u00e1 y la arquitectura religiosa afroamericana&#8221; de Daniel Sch\u00e1velzon.<\/p>\n\n\n\n<p>&#8220;El libro nos trae dos ejemplos de la provincia de Entre R\u00edos: las modestas casas de Sajaroff y la capilla de la ciudad de Paran\u00e1. Dos textos que, siguiendo los principios del prologuista, Carlos Ceruti, siguen abriendo el tema hacia una mirada diferente, encontrando una historia oficial monol\u00edtica muy dif\u00edcil de transformar, dej\u00e1ndoles lugar a todos, en especial a los desplazados que, con su esfuerzo, construyeron la ciudad de Paran\u00e1.&#8221;&nbsp;<\/p>\n\n\n\n<p>El libro puede descargarse de manera gratuita a trav\u00e9s del siguiente link: <a href=\"https:\/\/drive.google.com\/file\/d\/1p5aFtvhyBOkrvk27deGz5JTdRDEDor6l\/view\" target=\"_blank\" rel=\"noreferrer noopener\">https:\/\/drive.google.com\/file\/d\/1p5aFtvhyBOkrvk27deGz5JTdRDEDor6l\/view<\/a><\/p>\n\n\n\n<p><strong>Sobre los investigadores:&nbsp;<\/strong><\/p>\n\n\n\n<p>DANIEL SCH\u00c1VELZON:&nbsp; es Arquitecto (Universidad de Buenos Aires, 1975), Magister en Restauraci\u00f3n de Monumentos (UNAM, M\u00e9xico, 1981) y Doctor en Arquitectura, especialidad en Arquitectura Prehisp\u00e1nica (UNAM, M\u00e9xico, 1984).<\/p>\n\n\n\n<p>Fundador y director del Centro de Arqueolog\u00eda Urbana (FADU, UBA). Desarroll\u00f3 sus trabajos como Investigador del CONICET desde 1985.&nbsp;<\/p>\n\n\n\n<p>Autor de \u201cBuenos Aires negra. Arqueolog\u00eda hist\u00f3rica de una ciudad silenciada\u201d (emec\u00e9, 2003), sus \u00e1reas de trabajo son la arqueolog\u00eda hist\u00f3rica en \u00e1reas urbanas que ha desarrollado e impulsado en Buenos Aires y otros sitios del pa\u00eds y del exterior; y asimismo trabaja en temas de conservaci\u00f3n del patrimonio cultural, pol\u00edticas culturales y tr\u00e1fico ilegal de obras de arte.<\/p>\n\n\n\n<p>ALEJANDRO RICHARD: es arque\u00f3logo (Universidad Nacional de Tucum\u00e1n, 2015), becario doctoral de CONICET, doctorando en Arqueolog\u00eda por la Universidad de Buenos Aires.<\/p>\n\n\n\n<p>Como investigador ad Honorem del Museo Antonio Serrano, ha dirigido y coordinado proyectos de investigaci\u00f3n interdisciplinares en torno a familias afrodescendientes del Dpto. Villaguay. Lleva adelante investigaciones desde la Arqueolog\u00eda Hist\u00f3rica en el Dpto. Paran\u00e1 haciendo foco en la presencia ind\u00edgena, africana y afrodecendiente para momentos coloniales y decimon\u00f3nicos.&nbsp;&nbsp;<\/p>\n\n\n\n<p>Museo de Ciencias Naturales y Antropol\u00f3gicas &#8220;Prof. Antonio Serrano&#8221;<\/p>\n\n\n\n<p>Carlos Gardel 62 &#8211; Paran\u00e1 &#8211; Entre R\u00edos<\/p>\n\n\n\n<p>Tel.: 0343-4208894<\/p>\n\n\n\n<p><a href=\"http:\/\/www.museoserrano.blogspot.com\/\" target=\"_blank\" rel=\"noreferrer noopener\">www.museoserrano.blogspot.com<\/a><\/p>\n\n\n\n<p><a href=\"http:\/\/www.facebook.com\/MuseoProvincialAntonioSerrano\" target=\"_blank\" rel=\"noreferrer noopener\">www.facebook.com\/MuseoProvincialAntonioSerrano<\/a><\/p>\n\n\n\n<p><a href=\"http:\/\/www.twitter.com\/MuseoSerrano\" target=\"_blank\" rel=\"noreferrer noopener\">www.twitter.com\/MuseoSerrano<\/a><\/p>\n\n\n\n<p><a href=\"http:\/\/www.instagram.com\/museoserranoer\" target=\"_blank\" rel=\"noreferrer noopener\">www.instagram.com\/museoserranoer<\/a><\/p>\n","protected":false},"excerpt":{"rendered":"<p>Con el apoyo de la Secretar\u00eda de Cultura de la Provincia y el Museo de Ciencias Naturales y Antropol\u00f3gicas Prof. Antonio Serrano, se acaba de\u00a0 publicar el libro \u201cEl Barrio del Tambo:\u00a0 Arqueolog\u00eda hist\u00f3rica en espacios afro de Paran\u00e1 que estudia la di\u00e1spora africana en Entre R\u00edos y el caso de la Capilla Norte San [&hellip;]<\/p>\n","protected":false},"author":5,"featured_media":4202,"comment_status":"closed","ping_status":"closed","sticky":false,"template":"","format":"standard","meta":{"_et_pb_use_builder":"off","_et_pb_old_content":"","_et_gb_content_width":"","footnotes":""},"categories":[28,8],"tags":[],"class_list":["post-4201","post","type-post","status-publish","format-standard","has-post-thumbnail","hentry","category-noticias","category-museo-ciencias-naturales"],"_links":{"self":[{"href":"https:\/\/www.entrerios.gov.ar\/cultura\/wp-json\/wp\/v2\/posts\/4201","targetHints":{"allow":["GET"]}}],"collection":[{"href":"https:\/\/www.entrerios.gov.ar\/cultura\/wp-json\/wp\/v2\/posts"}],"about":[{"href":"https:\/\/www.entrerios.gov.ar\/cultura\/wp-json\/wp\/v2\/types\/post"}],"author":[{"embeddable":true,"href":"https:\/\/www.entrerios.gov.ar\/cultura\/wp-json\/wp\/v2\/users\/5"}],"replies":[{"embeddable":true,"href":"https:\/\/www.entrerios.gov.ar\/cultura\/wp-json\/wp\/v2\/comments?post=4201"}],"version-history":[{"count":1,"href":"https:\/\/www.entrerios.gov.ar\/cultura\/wp-json\/wp\/v2\/posts\/4201\/revisions"}],"predecessor-version":[{"id":4203,"href":"https:\/\/www.entrerios.gov.ar\/cultura\/wp-json\/wp\/v2\/posts\/4201\/revisions\/4203"}],"wp:featuredmedia":[{"embeddable":true,"href":"https:\/\/www.entrerios.gov.ar\/cultura\/wp-json\/wp\/v2\/media\/4202"}],"wp:attachment":[{"href":"https:\/\/www.entrerios.gov.ar\/cultura\/wp-json\/wp\/v2\/media?parent=4201"}],"wp:term":[{"taxonomy":"category","embeddable":true,"href":"https:\/\/www.entrerios.gov.ar\/cultura\/wp-json\/wp\/v2\/categories?post=4201"},{"taxonomy":"post_tag","embeddable":true,"href":"https:\/\/www.entrerios.gov.ar\/cultura\/wp-json\/wp\/v2\/tags?post=4201"}],"curies":[{"name":"wp","href":"https:\/\/api.w.org\/{rel}","templated":true}]}}