{"id":4326,"date":"2021-08-04T14:08:00","date_gmt":"2021-08-04T14:08:00","guid":{"rendered":"https:\/\/www.entrerios.gov.ar\/cultura\/?p=4326"},"modified":"2021-08-04T14:08:00","modified_gmt":"2021-08-04T14:08:00","slug":"el-museo-provincial-antonio-serrano-realizara-desinfeccion-y-desinsectacion-de-colecciones","status":"publish","type":"post","link":"https:\/\/www.entrerios.gov.ar\/cultura\/el-museo-provincial-antonio-serrano-realizara-desinfeccion-y-desinsectacion-de-colecciones\/","title":{"rendered":"El Museo Provincial Antonio Serrano realizar\u00e1 desinfecci\u00f3n y desinsectaci\u00f3n de colecciones"},"content":{"rendered":"\n<p><strong>El Museo de Ciencias Naturales y Antropol\u00f3gicas &#8220;Antonio Serrano&#8221; informa que, desde este jueves 5 hasta el\u00a0 martes 10 de agosto inclusive, permanecer\u00e1 cerrado por desinfecci\u00f3n y desinsectaci\u00f3n de las colecciones biol\u00f3gicas y antropol\u00f3gicas.\u00a0<\/strong><\/p>\n\n\n\n<p>Conforme a su misi\u00f3n, el Museo Antonio Serrano, dependiente de la Secretar\u00eda de Cultura de Entre R\u00edos, lleva adelante diferentes tareas vinculadas al resguardo, investigaci\u00f3n y comunicaci\u00f3n de nuestro patrimonio, y por tanto tiene la responsabilidad de garantizar su correcta preservaci\u00f3n para transmitirlo a las generaciones futuras.<\/p>\n\n\n\n<p>Una adecuada conservaci\u00f3n preventiva es muy importante, ya que se trata de una intervenci\u00f3n continua e integral sobre todas piezas que conforman las colecciones. Entre estas tareas, la desinfecci\u00f3n y desinsectaci\u00f3n procura evitar la proliferaci\u00f3n de organismos que puedan afectar dichas piezas y as\u00ed propiciar las condiciones&nbsp; para su preservaci\u00f3n, tanto en dep\u00f3sitos como en salas de exposici\u00f3n y talleres de restauraci\u00f3n.<\/p>\n\n\n\n<p>La reapertura al p\u00fablico ser\u00e1 el mi\u00e9rcoles 11 de agosto, en el siguiente horario: de martes a s\u00e1bados de 8 a 12 y de 15 a 19hs., domingos y feriados de 9 a 12hs. Acceso gratuito<\/p>\n\n\n\n<p>De acuerdo a las condiciones sanitarias, es necesario solicitar un turno previamente comunic\u00e1ndose al (0343) 4208894. Es obligatorio el uso de tapabocas.&nbsp;<br>\u00c1rea de archivos adjuntos<\/p>\n","protected":false},"excerpt":{"rendered":"<p>El Museo de Ciencias Naturales y Antropol\u00f3gicas &#8220;Antonio Serrano&#8221; informa que, desde este jueves 5 hasta el\u00a0 martes 10 de agosto inclusive, permanecer\u00e1 cerrado por desinfecci\u00f3n y desinsectaci\u00f3n de las colecciones biol\u00f3gicas y antropol\u00f3gicas.\u00a0 Conforme a su misi\u00f3n, el Museo Antonio Serrano, dependiente de la Secretar\u00eda de Cultura de Entre R\u00edos, lleva adelante diferentes tareas [&hellip;]<\/p>\n","protected":false},"author":5,"featured_media":4327,"comment_status":"closed","ping_status":"closed","sticky":false,"template":"","format":"standard","meta":{"_et_pb_use_builder":"off","_et_pb_old_content":"","_et_gb_content_width":"","footnotes":""},"categories":[28,8],"tags":[],"class_list":["post-4326","post","type-post","status-publish","format-standard","has-post-thumbnail","hentry","category-noticias","category-museo-ciencias-naturales"],"_links":{"self":[{"href":"https:\/\/www.entrerios.gov.ar\/cultura\/wp-json\/wp\/v2\/posts\/4326","targetHints":{"allow":["GET"]}}],"collection":[{"href":"https:\/\/www.entrerios.gov.ar\/cultura\/wp-json\/wp\/v2\/posts"}],"about":[{"href":"https:\/\/www.entrerios.gov.ar\/cultura\/wp-json\/wp\/v2\/types\/post"}],"author":[{"embeddable":true,"href":"https:\/\/www.entrerios.gov.ar\/cultura\/wp-json\/wp\/v2\/users\/5"}],"replies":[{"embeddable":true,"href":"https:\/\/www.entrerios.gov.ar\/cultura\/wp-json\/wp\/v2\/comments?post=4326"}],"version-history":[{"count":1,"href":"https:\/\/www.entrerios.gov.ar\/cultura\/wp-json\/wp\/v2\/posts\/4326\/revisions"}],"predecessor-version":[{"id":4328,"href":"https:\/\/www.entrerios.gov.ar\/cultura\/wp-json\/wp\/v2\/posts\/4326\/revisions\/4328"}],"wp:featuredmedia":[{"embeddable":true,"href":"https:\/\/www.entrerios.gov.ar\/cultura\/wp-json\/wp\/v2\/media\/4327"}],"wp:attachment":[{"href":"https:\/\/www.entrerios.gov.ar\/cultura\/wp-json\/wp\/v2\/media?parent=4326"}],"wp:term":[{"taxonomy":"category","embeddable":true,"href":"https:\/\/www.entrerios.gov.ar\/cultura\/wp-json\/wp\/v2\/categories?post=4326"},{"taxonomy":"post_tag","embeddable":true,"href":"https:\/\/www.entrerios.gov.ar\/cultura\/wp-json\/wp\/v2\/tags?post=4326"}],"curies":[{"name":"wp","href":"https:\/\/api.w.org\/{rel}","templated":true}]}}