{"id":4330,"date":"2021-08-05T13:08:42","date_gmt":"2021-08-05T13:08:42","guid":{"rendered":"https:\/\/www.entrerios.gov.ar\/cultura\/?p=4330"},"modified":"2021-08-05T13:08:45","modified_gmt":"2021-08-05T13:08:45","slug":"el-gobierno-de-entre-rios-realiza-obras-de-restauracion-en-la-biblioteca-provincial-de-entre-rios","status":"publish","type":"post","link":"https:\/\/www.entrerios.gov.ar\/cultura\/el-gobierno-de-entre-rios-realiza-obras-de-restauracion-en-la-biblioteca-provincial-de-entre-rios\/","title":{"rendered":"El Gobierno de Entre R\u00edos realiza obras de restauraci\u00f3n en la Biblioteca Provincial de Entre R\u00edos"},"content":{"rendered":"\n<p><strong>El organismo, dependiente de la Secretar\u00eda de Cultura de Entre R\u00edos, dio a conocer detalles de la obra de restauraci\u00f3n de fachada y refacci\u00f3n de la sala de lectura. Demandar\u00e1 una inversi\u00f3n de m\u00e1s de 11 millones de pesos.<\/strong><\/p>\n\n\n\n<p>La obra, que comenz\u00f3 a ejecutarse el pasado lunes en Avenida de la Federaci\u00f3n 278 de la capital entrerriana, pone de manifiesto la decisi\u00f3n pol\u00edtica del gobernador de la Provincia, Gustavo Bordet, de dar valor al mantenimiento, protecci\u00f3n y divulgaci\u00f3n del patrimonio cultural de las y los entrerrianos.&nbsp;<\/p>\n\n\n\n<p>Al respecto, la secretaria de Cultura de la Provincia, Francisca D\u00b4Agostino: &#8220;celebramos con mucho entusiasmo el inicio de la puesta en valor de la Biblioteca Provincial porque es un lugar muy importante por la potencia de la huella entrerriana en el mundo de las letras. En ella albergamos obras de Juan L. Ortiz y Emma Barrandeguy; asimismo los fondos documentales que se crearon con importantes donaciones como el Fondo Serrano; Beatriz Bosch; Marcelino Rom\u00e1n; Elio Leyes; Carlos \u00c1lvarez; y Antonio Rub\u00e9n Turi,entre otros\u201d.&nbsp;<\/p>\n\n\n\n<p>Y adem\u00e1s agreg\u00f3: \u201cLa misi\u00f3n de la Biblioteca es expansiva, ya que excede lo estrictamente literario porque conserva y difunde materiales hist\u00f3ricos, sociol\u00f3gicos entre otras disciplinas. Estamos hablando de una instituci\u00f3n que asesora a docentes, investigadores y bibliotecarios. La Biblioteca cumple -a su vez- un rol fundamental en la Federaci\u00f3n de Bibliotecas Populares haciendo de nexo y facilitadora. Contamos con una instituci\u00f3n referente de la actividad cultural y del concurso anual de poes\u00eda Juan L. Orti,z es un verdadero incentivo para las nuevas generaciones de autores y autoras\u201d.&nbsp;<\/p>\n\n\n\n<p>\u201cQue la Biblioteca est\u00e9 refaccionada es un gran paso en el camino de seguir fortaleciendo el v\u00ednculo entre autores, lectores y la comunidad&#8221;, finaliz\u00f3 D\u00b4Agostino.<\/p>\n\n\n\n<p>Seg\u00fan indic\u00f3 N\u00e9stor Rodr\u00edguez, director de la instituci\u00f3n \u201ccon la concreci\u00f3n de esta importante obra&nbsp; se&nbsp; resguarda un importante patrimonio cultural y arquitect\u00f3nico. Estas acciones forman parte&nbsp; de un programa que se desarrolla desde el Gobierno provincial&nbsp; para preservar los edificios hist\u00f3ricos\u201d.<\/p>\n\n\n\n<p>El funcionario adem\u00e1s se\u00f1al\u00f3: \u201cesta intervenci\u00f3n de la Biblioteca permitir\u00e1 fortalecer su capacidad de brindar servicios; actividades de extensi\u00f3n como presentaci\u00f3n de libros, charlas y exposiciones de diversas disciplinas; visitas guiadas, y diferentes recursos para docentes y estudiantes de todos los niveles y modalidades\u201d.<\/p>\n\n\n\n<p>Adem\u00e1s de la restauraci\u00f3n y puesta en valor de la fachada, el plan de ejecuci\u00f3n incluye reparaci\u00f3n de cubierta de techos y otros espacios de la Biblioteca. Se restaurar\u00e1n puertas y ventanas de madera, celos\u00edas y ventanas met\u00e1licas, hall central, galer\u00eda y sala de lectura y grupos sanitarios. Seg\u00fan la planificaci\u00f3n se prev\u00e9 que la obra se desarrollar\u00e1 en un plazo de 270 d\u00edas corridos.<\/p>\n\n\n\n<p>En el marco de estos trabajos, la Biblioteca seguir\u00e1 a disposici\u00f3n de sus usuarias y usuarios tanto para responder consultas como para recibir donaciones para los fondos que la integran. Continuar\u00e1 con su servicio de atenci\u00f3n a investigadores, estudiantes universitarios y terciarios y p\u00fablico en general, v\u00eda redes sociales y en forma presencial con reserva de turnos a la redes de comunicaci\u00f3n de la instituci\u00f3n.&nbsp;<\/p>\n\n\n\n<p><strong>La Biblioteca Provincial y su patrimonio&nbsp;<\/strong><\/p>\n\n\n\n<p>La Biblioteca Provincial se origin\u00f3 en 1974 por la donaci\u00f3n de la biblioteca particular de un ilustre ciudadano paranaense, Don Antonio Serrano.<\/p>\n\n\n\n<p>El edificio donde hoy funciona la Biblioteca Provincial de Entre R\u00edos nace de la uni\u00f3n de dos propiedades que fueron originalmente construidas para residencias de gobernadores. La que se localiza al este perteneci\u00f3 al Dr. Jos\u00e9 Francisco Antelo, gobernador entre 1875 y 1879; y la del oeste, al gobernador Ram\u00f3n Febre cuya gesti\u00f3n se desarroll\u00f3 entre 1879 y 1883.<\/p>\n\n\n\n<p>El extenso patrimonio bibliogr\u00e1fico y documental se fue construyendo sobre la base de importantes donaciones que han conformando: Fondo Beatriz Bosch, especializado en historia, Fondo Marcelino Rom\u00e1n, especializado en literatura, Fondo Prof. Elio C. Leyes, especializado en sociolog\u00eda, entre otros. La Biblioteca cuenta con un fondo general de 6.132 t\u00edtulos de autores entrerrianos.<\/p>\n","protected":false},"excerpt":{"rendered":"<p>El organismo, dependiente de la Secretar\u00eda de Cultura de Entre R\u00edos, dio a conocer detalles de la obra de restauraci\u00f3n de fachada y refacci\u00f3n de la sala de lectura. Demandar\u00e1 una inversi\u00f3n de m\u00e1s de 11 millones de pesos. La obra, que comenz\u00f3 a ejecutarse el pasado lunes en Avenida de la Federaci\u00f3n 278 de [&hellip;]<\/p>\n","protected":false},"author":5,"featured_media":4331,"comment_status":"open","ping_status":"open","sticky":false,"template":"","format":"standard","meta":{"_et_pb_use_builder":"off","_et_pb_old_content":"","_et_gb_content_width":"","footnotes":""},"categories":[28,5],"tags":[],"class_list":["post-4330","post","type-post","status-publish","format-standard","has-post-thumbnail","hentry","category-noticias","category-biblioteca-provincial"],"_links":{"self":[{"href":"https:\/\/www.entrerios.gov.ar\/cultura\/wp-json\/wp\/v2\/posts\/4330","targetHints":{"allow":["GET"]}}],"collection":[{"href":"https:\/\/www.entrerios.gov.ar\/cultura\/wp-json\/wp\/v2\/posts"}],"about":[{"href":"https:\/\/www.entrerios.gov.ar\/cultura\/wp-json\/wp\/v2\/types\/post"}],"author":[{"embeddable":true,"href":"https:\/\/www.entrerios.gov.ar\/cultura\/wp-json\/wp\/v2\/users\/5"}],"replies":[{"embeddable":true,"href":"https:\/\/www.entrerios.gov.ar\/cultura\/wp-json\/wp\/v2\/comments?post=4330"}],"version-history":[{"count":1,"href":"https:\/\/www.entrerios.gov.ar\/cultura\/wp-json\/wp\/v2\/posts\/4330\/revisions"}],"predecessor-version":[{"id":4332,"href":"https:\/\/www.entrerios.gov.ar\/cultura\/wp-json\/wp\/v2\/posts\/4330\/revisions\/4332"}],"wp:featuredmedia":[{"embeddable":true,"href":"https:\/\/www.entrerios.gov.ar\/cultura\/wp-json\/wp\/v2\/media\/4331"}],"wp:attachment":[{"href":"https:\/\/www.entrerios.gov.ar\/cultura\/wp-json\/wp\/v2\/media?parent=4330"}],"wp:term":[{"taxonomy":"category","embeddable":true,"href":"https:\/\/www.entrerios.gov.ar\/cultura\/wp-json\/wp\/v2\/categories?post=4330"},{"taxonomy":"post_tag","embeddable":true,"href":"https:\/\/www.entrerios.gov.ar\/cultura\/wp-json\/wp\/v2\/tags?post=4330"}],"curies":[{"name":"wp","href":"https:\/\/api.w.org\/{rel}","templated":true}]}}