{"id":4374,"date":"2021-09-14T14:32:56","date_gmt":"2021-09-14T14:32:56","guid":{"rendered":"https:\/\/www.entrerios.gov.ar\/cultura\/?p=4374"},"modified":"2021-10-04T12:42:43","modified_gmt":"2021-10-04T12:42:43","slug":"convocatoria-para-el-lviii-salon-provincial-de-artes-visuales-de-entre-rios","status":"publish","type":"post","link":"https:\/\/www.entrerios.gov.ar\/cultura\/convocatoria-para-el-lviii-salon-provincial-de-artes-visuales-de-entre-rios\/","title":{"rendered":"Convocatoria para el LVIII Sal\u00f3n Provincial de Artes Visuales de Entre R\u00edos"},"content":{"rendered":"\n<p><em><strong>La Secretar\u00eda de Cultura del Gobierno de Entre R\u00edos, a trav\u00e9s del Museo Provincial de Bellas Artes, Dr. Pedro E. Mart\u00ednez, convoca a la comunidad de artistas de la provincia a participar de una nueva edici\u00f3n del prestigioso certamen. La recepci\u00f3n de postulaciones ser\u00e1 hasta las 23:59 del domingo 12 de septiembre de 2021.<\/strong><\/em><\/p>\n\n\n\n<p>Con la incorporaci\u00f3n del Arte Textil como una nueva disciplina, contin\u00faa la convocatoria para participar del reconocido Sal\u00f3n Provincial de Artes Visuales de Entre R\u00edos con el que el Gobierno Provincial promueve y reconoce la producci\u00f3n de las artes visuales entrerrianas.&nbsp;<\/p>\n\n\n\n<p>La postulaci\u00f3n de las obras se puede realizar hasta la medianoche del pr\u00f3ximo domingo 12 de septiembre a trav\u00e9s del env\u00edo de carpetas digitales por correo electr\u00f3nico. Esta modalidad facilita la participaci\u00f3n federal, amplia e inclusiva desde todo el territorio provincial.&nbsp;<\/p>\n\n\n\n<p>Los premios adquisici\u00f3n \u201cGobierno de Entre R\u00edos\u201d con los que se distingue a las obras ganadoras se han fijado para esta edici\u00f3n en 60.000 pesos para los primeros lugares y 45.000 pesos para los segundos en cada una de las seis secciones, lo que suma un total de 630.000 pesos a ser distribuidos entre las y los artistas premiados. Con la inclusi\u00f3n de la nueva disciplina, este a\u00f1o se podr\u00e1 participar en Pintura, Dibujo, Grabado, Escultura, Arte Cer\u00e1mico y Arte Textil.<\/p>\n\n\n\n<p>El certamen constituye la instancia m\u00e1s importante y representativa de la escena del arte en la provincia por su gran convocatoria y alcance territorial, permitiendo adem\u00e1s, el ingreso de obras al patrimonio art\u00edstico entrerriano que el Museo Provincial de Bellas Artes custodia y comparte con la comunidad.&nbsp;<\/p>\n\n\n\n<p><strong>Bases y Reglamento<\/strong><\/p>\n\n\n\n<p>Los requisitos para participar est\u00e1n contenidos en el Reglamento General 2021 y puede descargarse desde la p\u00e1gina web de la Secretar\u00eda de Cultura de Entre R\u00edos <a href=\"http:\/\/cultura.entrerios.gov.ar\/contenido-bellas-artes\" target=\"_blank\" rel=\"noreferrer noopener\">http:\/\/cultura.entrerios.gov.ar\/contenido-bellas-artes<\/a>&nbsp; o solicitarse por correo electr\u00f3nico a <a href=\"mailto:gestionbellasartes@gmail.com\" target=\"_blank\" rel=\"noreferrer noopener\">gestionbellasartes@gmail.com<\/a>.<\/p>\n\n\n\n<p>(Prensa Museo Provincial de Bellas Artes Dr. Pedro E. Mart\u00ednez)<\/p>\n","protected":false},"excerpt":{"rendered":"<p>La Secretar\u00eda de Cultura del Gobierno de Entre R\u00edos, a trav\u00e9s del Museo Provincial de Bellas Artes, Dr. Pedro E. Mart\u00ednez, convoca a la comunidad de artistas de la provincia a participar de una nueva edici\u00f3n del prestigioso certamen. La recepci\u00f3n de postulaciones ser\u00e1 hasta las 23:59 del domingo 12 de septiembre de 2021. Con [&hellip;]<\/p>\n","protected":false},"author":5,"featured_media":4375,"comment_status":"open","ping_status":"open","sticky":false,"template":"","format":"standard","meta":{"_et_pb_use_builder":"off","_et_pb_old_content":"","_et_gb_content_width":"","footnotes":""},"categories":[28,58,9],"tags":[],"class_list":["post-4374","post","type-post","status-publish","format-standard","has-post-thumbnail","hentry","category-noticias","category-concursos-cerrados","category-museo-bellas-artes"],"_links":{"self":[{"href":"https:\/\/www.entrerios.gov.ar\/cultura\/wp-json\/wp\/v2\/posts\/4374","targetHints":{"allow":["GET"]}}],"collection":[{"href":"https:\/\/www.entrerios.gov.ar\/cultura\/wp-json\/wp\/v2\/posts"}],"about":[{"href":"https:\/\/www.entrerios.gov.ar\/cultura\/wp-json\/wp\/v2\/types\/post"}],"author":[{"embeddable":true,"href":"https:\/\/www.entrerios.gov.ar\/cultura\/wp-json\/wp\/v2\/users\/5"}],"replies":[{"embeddable":true,"href":"https:\/\/www.entrerios.gov.ar\/cultura\/wp-json\/wp\/v2\/comments?post=4374"}],"version-history":[{"count":1,"href":"https:\/\/www.entrerios.gov.ar\/cultura\/wp-json\/wp\/v2\/posts\/4374\/revisions"}],"predecessor-version":[{"id":4376,"href":"https:\/\/www.entrerios.gov.ar\/cultura\/wp-json\/wp\/v2\/posts\/4374\/revisions\/4376"}],"wp:featuredmedia":[{"embeddable":true,"href":"https:\/\/www.entrerios.gov.ar\/cultura\/wp-json\/wp\/v2\/media\/4375"}],"wp:attachment":[{"href":"https:\/\/www.entrerios.gov.ar\/cultura\/wp-json\/wp\/v2\/media?parent=4374"}],"wp:term":[{"taxonomy":"category","embeddable":true,"href":"https:\/\/www.entrerios.gov.ar\/cultura\/wp-json\/wp\/v2\/categories?post=4374"},{"taxonomy":"post_tag","embeddable":true,"href":"https:\/\/www.entrerios.gov.ar\/cultura\/wp-json\/wp\/v2\/tags?post=4374"}],"curies":[{"name":"wp","href":"https:\/\/api.w.org\/{rel}","templated":true}]}}