{"id":4431,"date":"2021-09-22T12:04:54","date_gmt":"2021-09-22T12:04:54","guid":{"rendered":"https:\/\/www.entrerios.gov.ar\/cultura\/?p=4431"},"modified":"2021-10-13T22:08:52","modified_gmt":"2021-10-13T22:08:52","slug":"se-conocieron-las-obras-seleccionadas-para-la-edicion-2021-del-salon-provincial-de-artes-visuales-de-entre-rios","status":"publish","type":"post","link":"https:\/\/www.entrerios.gov.ar\/cultura\/se-conocieron-las-obras-seleccionadas-para-la-edicion-2021-del-salon-provincial-de-artes-visuales-de-entre-rios\/","title":{"rendered":"Se conocieron las obras seleccionadas para la edici\u00f3n 2021 del Sal\u00f3n Provincial de Artes Visuales de Entre R\u00edos"},"content":{"rendered":"\n<p><em><strong>El pasado viernes 17 de septiembre se llev\u00f3 a cabo la jornada de selecci\u00f3n de los trabajos que formar\u00e1n parte del LVIII Sal\u00f3n Provincial de Artes Visuales de Entre R\u00edos que organiza el Museo Provincial de Bellas Artes Dr. Pedro E. Mart\u00ednez dependiente de la Secretar\u00eda de Cultura.<\/strong><\/em><\/p>\n\n\n\n<p>El destacado jurado seleccion\u00f3 las 107 piezas que integrar\u00e1n la muestra colectiva anual de artes visuales m\u00e1s nutrida y federal de la escena del arte entrerriano y que competir\u00e1n por los Premios Adquisici\u00f3n \u201cGobierno de Entre R\u00edos\u201d.<strong><\/strong><\/p>\n\n\n\n<p>Con&nbsp;una actualizaci\u00f3n en su denominaci\u00f3n y la inclusi\u00f3n de una nueva disciplina, el cl\u00e1sico certamen&nbsp;especialmente dirigido a artistas&nbsp;visuales&nbsp;de la provincia&nbsp;reuni\u00f3 la postulaci\u00f3n de un total de 318 obras en las secciones Pintura, Dibujo, Escultura, Grabado, Arte Cer\u00e1mico y la nueva incorporaci\u00f3n Arte Textil.<\/p>\n\n\n\n<p>El jurado integrado por Mariela Herrera, Adriana Armando y Ra\u00fal Gonz\u00e1lez seleccion\u00f3 un total de 107 obras en seis disciplinas pertenecientes a 72 artistas de las localidades de&nbsp;Paran\u00e1, San Salvador, Victoria, Gualeguaych\u00fa, Chajar\u00ed, San Jos\u00e9&nbsp;de Feliciano, Villa Libertador San Mart\u00edn, Concordia, Santa Anita, Concepci\u00f3n del Uruguay, Cerrito, Rosario del Tala, Nogoy\u00e1, Hasenkamp, Col\u00f3n, Diamante, General Ram\u00edrez, Mar\u00eda Grande, Basavilbaso, Villaguay y Villa Alcar\u00e1z.<\/p>\n\n\n\n<p>Los&nbsp;trabajos seleccionados competir\u00e1n por los Premios Adquisici\u00f3n \u201cGobierno de Entre R\u00edos\u201d que este a\u00f1o suman un total de 630.000 pesos a ser distribuidos entre los primeros y segundos lugares de cada una de las secciones.<\/p>\n\n\n\n<p>Los galardones ser\u00e1n definidos el pr\u00f3ximo 2 de noviembre de 2021 en una nueva reuni\u00f3n del Jurado.<\/p>\n\n\n\n<p>El env\u00edo de las obras para la instancia de premiaci\u00f3n deber\u00e1 realizarse a la sede del Museo Provincial de Bellas Artes Dr. Pedro. E. Mart\u00ednez (calle Buenos Aires 355 de Paran\u00e1) desde el Jueves 23 de septiembre hasta el Viernes 22 de octubre de 2021 inclusive, de Martes a Viernes de 8 a 12 y de 16 a 20. No se recibir\u00e1n obras los d\u00edas Lunes, fines de semana ni feriados.<\/p>\n\n\n\n<p>El acto de entrega de distinciones e inauguraci\u00f3n de la muestra est\u00e1 previsto para el viernes 26 de noviembre de 2021.<\/p>\n\n\n\n<p>El detalle de artistas y obras seleccionadas es el siguiente:<\/p>\n\n\n\n<p><strong>Secci\u00f3<\/strong><strong>n Pintur<\/strong><strong>a.<\/strong><\/p>\n\n\n\n<p>S\u00e1nchez, Diego Miguel (obra: Una tarde); Mart\u00ednez, Fernando (obra: Peripecias en la casita de los peregrinajes infantiles); Calabrese, Gabriel Felipe (obras: Practicando en costanera y Chamam\u00e9 en la Isla); Arellano, Diego (obra: Otro paisaje: diurno- nocturno); Trespadermez, Fabricio Manuel (obra: Bio); Manso, Eduardo Oscar (obras: Un largo rosa espectral era el cielo del r\u00edo y Gracia de agua, de \u00e1rbol, flor y p\u00e1jaro); Main, Federico Juli\u00e1n (obras: Interior I e Interior II); Ortega, Carlos (obra: Grito silencioso);&nbsp; Aramburu, Mart\u00edn Alberto (Felino azul y su presa); Spahn, Karen (obras: 11 AM (Series longitudinales) y 11 PM (Series longitudinales); Botto, Carla Agustina (obras: Partir y Aprendizaje); Sabattini, Florencia (obra: Estados de bananos 1&nbsp; y Estados de bananos 2); Portillo, Melina (obra: Transformaci\u00f3n II); M\u00fcller, Marianela (obra: Los colores de mi infancia); Salinas, Ramiro (obra: De cerca nadie es normal); Vercellino, Aldo (obra: La Eva de Chesire); Bolcatto, Valentina (obras: Momento difuso y Suspensi\u00f3n); Butvilofsky, Diana (obras: Olor a hogar I y Olor a hogar II); Menescardi, Francisco E. (obra: Serie: Monte espinal); Burns, Nilda Elsa (obra: Equilibrio) Cardoso, Jos\u00e9 (obra: Las manos que mecen la c\u00e1mara (Retrato del fot\u00f3grafo P.L.); Brugo, Carla (obras: Caleidoscopio y Shhh); Costa, Delfina (obra: Victoria); Pastrana, Roberto (obras: Mateando en el antropoceno y Domingo en el parque industrial); Bonus, Alberto Federico (obra: Espacio-tiempo); Zacur, Daniela Paola (obra: Cer\u00e1micas); Stecklein, Graciela Irene (obra: Paisaje correntino); Mastandrea, \u00c1ngel Facundo (obras: AutoPercepci\u00f3n -d\u00edptico-) y&nbsp; Le aguanta la mirada); Zapata, Rebeca (obra: Original energ\u00eda).<\/p>\n\n\n\n<p><strong>Secci\u00f3n Dibujo.<\/strong><strong><\/strong><\/p>\n\n\n\n<p>Main, Federico Juli\u00e1n (obras: Macetas -Serie Lo Cotidiano- y Elefantes -Serie Lo cotidiano-); Ortega, Carlos (obras: Tres rosas y Una rosa); Bettan\u00edn, Carolina (obras: N\u00famero cuatro y N\u00famero cinco); Garello, Ana Mar\u00eda (obra: Yo y mi otro yo); Moreyra, Santiago (obra: Es m\u00edsero, s\u00f3rdido, y&nbsp; aun dir\u00eda t\u00e9trico someterlo todo al sistema m\u00e9trico); Benitez, Miguel \u00c1ngel (obra: El tercero excluido); Ru\u00edz D\u00edaz, Victoria (obras: Flotar y El sentido de las cosas); Crespo, Maximiliano Francisco (obras: Trabaz\u00f3n y D\u00e9balo); Reyes, Jer\u00f3nimo (obras: Existencial y El mundo patas para arriba); Flores, Romina Alejandra (obra: Hacia la luz\u2026voy); Brugo, Carla (obra: Partituras para sonidos incomprensibles I); Sol\u00e9, Lucila (obra: Secuencia I); Corval\u00e1n, Juan Emanuel (obra: Miradas); Bonus, Alberto Federico (obra: Joda en el Virus Rock); Amarillo, Carina (obra: Funeral del mundo conocido).<\/p>\n\n\n\n<p><strong>Secci\u00f3n Grabado.<\/strong><strong><\/strong><\/p>\n\n\n\n<p>Villafa\u00f1e, Johanna M. (obra: Haiku D\u00edptico); M\u00fcller, Marianela (obra: Contra \u00c1ngulos. De la serie &#8220;Otra arquitectura&#8221;); Daneri, Marta Alejandra (obra: Naturaleza); Metivi\u00e9, Mari\u00e1ngeles (obra: Libro de mates prohibidos); Guerrero, Hern\u00e1n (obras: Crudo I y Crudo II);&nbsp; Ledesma, Maria Lorena (obras: -Vetas gr\u00e1ficas -&#8220;identidad&#8221; y&nbsp; -Estratos gr\u00e1ficos &#8211;&nbsp; &#8220;Igualdad&#8221;); G\u00f3mez, Stella Maris (obras: Entradas y salidas I y Entradas y salidas II); Bonus, Alberto Federico (obras: Sin t\u00edtulo 1 y Sin t\u00edtulo 2); R\u00edos, Leticia (obras: H\u00edbrido y Humedal).<\/p>\n\n\n\n<p><strong>Secci\u00f3n Escultura.<\/strong><strong><\/strong><\/p>\n\n\n\n<p>Godoy, Ram\u00f3n H\u00e9ctor (obras: Es Tat\u00fa y Preguntale); Rold\u00e1n Vukonich, Federico (obra: Escultura); Perez Gonz\u00e1lez, Pedro Jes\u00fas (obra: M\u00e1scara N\u00b09); Carnevale, Adri\u00e1n (obras: Pacha I y Pacha II); Pedroti, Liliana Teresa del Carmen (obra: Me atravesaba\u2026); Zelaya, Laura (obra: El Artilugio -Serie Enga\u00f1os-); C\u00e9spedes, Bel\u00e9n (obra: Tesoro).<\/p>\n\n\n\n<p><strong>Secci\u00f3<\/strong><strong>n Arte Cer<\/strong><strong>\u00e1<\/strong><strong>mico<\/strong><strong>.<\/strong><strong><\/strong><\/p>\n\n\n\n<p>N\u00fa\u00f1ez Caminos, Marisa (obras: Cuando el r\u00edo quema y Que la teta presida el r\u00edo); Zapata, Susana Raquel (obra: M\u00f3rbidas); Cabrol, Irene Soledad (obra: Lunaria); Moreira, Fabio Gabriel (obra: Lacator III); Pagotto, Eleonora (obra: Viral).<\/p>\n\n\n\n<p><strong>Secci\u00f3n Arte Textil.<\/strong><strong><\/strong><\/p>\n\n\n\n<p>Spahn, Karen (obra: S\/T); Asensio, Mar\u00eda Alejandra (obra: La dualidad se desvanece); Botto, Carla Agustina (obra: Un mapa para una nueva b\u00fasqueda); Beker, Ludmila (obras: Se me revuelven las tripas y Al santo bot\u00f3n); Flores, Agustina (obra: Lo que deja tu ausencia); Sabattini, Florencia (obra: Jardines Blancos); Tascher, Maria Gabriela (Diluvio en la tempestad); Acosta, Julia (obra: Tu voz); Saigg Reffino, Carlos (obra: Relatos de un taller clandestino); Fries, Noelia Noem\u00ed (obras: Un rayito de sol y Peque\u00f1as gotas de amor); Requino, Maira Paola (obra: Uniendo mundos); Metivi\u00e9, Mari\u00e1ngeles (obra: Bolsitas de P.C.I. 3); Balcaza, Mar\u00eda Jimena (obra: Siga las indicaciones); Almada, Lilian (obra: Contra natura); R\u00edos, Leticia (obra: Somos r\u00edo).<\/p>\n\n\n\n<p><strong>Sobre el jurado<\/strong><strong><\/strong><\/p>\n\n\n\n<p>Adriana Beatriz Armando.&nbsp; Historiadora del arte, profesora titular de Ideas Est\u00e9ticas Latinoamericanas en la Facultad de Humanidades y Artes de la Universidad Nacional de Rosario e investigadora del Centro de Investigaciones del Arte Argentino y Latinoamericano en dicha casa de estudios. Sus trabajos han sido publicados en libros y revistas&nbsp;cient\u00edficas y culturales del pa\u00eds y del exterior. Se desempe\u00f1a como curadora independiente en instituciones p\u00fablicas y privadas.<\/p>\n\n\n\n<p>Ra\u00fal Gonz\u00e1lez.&nbsp;Artista pl\u00e1stico y restaurador. Inicia sus estudios en la Escuela de Artes Visuales de Paran\u00e1 y de manera simult\u00e1nea con el prof. Carlos Asia\u00edn. Radicado en Caracas entre los a\u00f1os 1986 y 1989 desarrollara su pintura hacia la figura humana, incorporando personajes descubiertos durante sus viajes por Ecuador, Colombia y el Caribe. Realiza una residencia en Paris durante 1993 con motivo de su participaci\u00f3n en la Muestra de Arte Internacional celebrada en Evry. En 2002 inicia su actividad en la restauraci\u00f3n de patrimonio arquitect\u00f3nico, actividad que lleva a cabo de manera simult\u00e1nea con la pintura. Junto a Alicia Zarb forman Art Restauro, una empresa abocada a la restauraci\u00f3n y puesta en valor de edificios hist\u00f3ricos, llevando a cabo mas de 20 obras de gran escala en la provincia de Entre R\u00edos.&nbsp;En 1991&nbsp;y 2001 es galardonado con el Premio Premio&nbsp;de Pintura en el&nbsp;\u201cSal\u00f3n Anual de Artistas Pl\u00e1sticos de Entre R\u00edos\u201d. Ha actuado como jurado en diferentes cert\u00e1menes de Entre R\u00edos y Santa Fe.<\/p>\n\n\n\n<p>Mariela Isabel Herrera.&nbsp;Docente universitaria de grado y posgrado, extensionista e investigadora con t\u00edtulo de grado en Filosof\u00eda y Pedagog\u00eda (UNSJ) y posgrado en el Doctorado en Ciencias Sociales (UNER). Ha sido docente de Critica del arte (UADER) dict\u00f3 conferencias, dirigi\u00f3 trabajos de tesis e investigaciones en artes visuales. Posee formaci\u00f3n en arte textil con maestros de la especialidad, forma parte del CAAT (Centro Argentino de Arte Textil) y ha asistido y aprobado sus trayectos de Formaci\u00f3n (Programa FIAT). Ha integrado colectivos art\u00edsticos, muestras colectivas e intervenciones urbanas.Es profesora ordinaria de Perspectivas Epistemol\u00f3gicas (LCP) en la Facultad de Trabajo Social de la UNER. Como investigadora categorizada III (2011), integra y dirige numerosos equipos de investigaci\u00f3n y extensi\u00f3n sobre diversas tem\u00e1ticas afines a sus preocupaciones centrales: g\u00e9nero y activismos. Ha realizado publicaciones espec\u00edficas sobre estos temas en revistas acad\u00e9micas y libros. Ha dictado cursos de grado y posgrado y participado en numerosos eventos acad\u00e9micos como disertante y dirigido numerosos trabajos de tesis de grado y posgrado. Actualmente coordina el N\u00facleo de Feminismos, Teor\u00edas de G\u00e9nero y Sexualidades (FTS-UNER).<\/p>\n\n\n\n<p>Prensa: Museo Provincial de Bellas Artes Dr. Pedro E. Mart\u00ednez<\/p>\n\n\n\n<p>Secretar\u00eda de Cultura &#8211; Gobierno de Entre R\u00edos<\/p>\n\n\n\n<p><a href=\"mailto:gestionbellasartes@gmail.com\" target=\"_blank\" rel=\"noreferrer noopener\">gestionbellasartes@gmail.com<\/a>\u00c1rea de archivos adjuntos<\/p>\n","protected":false},"excerpt":{"rendered":"<p>El pasado viernes 17 de septiembre se llev\u00f3 a cabo la jornada de selecci\u00f3n de los trabajos que formar\u00e1n parte del LVIII Sal\u00f3n Provincial de Artes Visuales de Entre R\u00edos que organiza el Museo Provincial de Bellas Artes Dr. Pedro E. Mart\u00ednez dependiente de la Secretar\u00eda de Cultura. El destacado jurado seleccion\u00f3 las 107 piezas [&hellip;]<\/p>\n","protected":false},"author":5,"featured_media":4432,"comment_status":"open","ping_status":"open","sticky":false,"template":"","format":"standard","meta":{"_et_pb_use_builder":"off","_et_pb_old_content":"","_et_gb_content_width":"","footnotes":""},"categories":[28,9],"tags":[],"class_list":["post-4431","post","type-post","status-publish","format-standard","has-post-thumbnail","hentry","category-noticias","category-museo-bellas-artes"],"_links":{"self":[{"href":"https:\/\/www.entrerios.gov.ar\/cultura\/wp-json\/wp\/v2\/posts\/4431","targetHints":{"allow":["GET"]}}],"collection":[{"href":"https:\/\/www.entrerios.gov.ar\/cultura\/wp-json\/wp\/v2\/posts"}],"about":[{"href":"https:\/\/www.entrerios.gov.ar\/cultura\/wp-json\/wp\/v2\/types\/post"}],"author":[{"embeddable":true,"href":"https:\/\/www.entrerios.gov.ar\/cultura\/wp-json\/wp\/v2\/users\/5"}],"replies":[{"embeddable":true,"href":"https:\/\/www.entrerios.gov.ar\/cultura\/wp-json\/wp\/v2\/comments?post=4431"}],"version-history":[{"count":1,"href":"https:\/\/www.entrerios.gov.ar\/cultura\/wp-json\/wp\/v2\/posts\/4431\/revisions"}],"predecessor-version":[{"id":4433,"href":"https:\/\/www.entrerios.gov.ar\/cultura\/wp-json\/wp\/v2\/posts\/4431\/revisions\/4433"}],"wp:featuredmedia":[{"embeddable":true,"href":"https:\/\/www.entrerios.gov.ar\/cultura\/wp-json\/wp\/v2\/media\/4432"}],"wp:attachment":[{"href":"https:\/\/www.entrerios.gov.ar\/cultura\/wp-json\/wp\/v2\/media?parent=4431"}],"wp:term":[{"taxonomy":"category","embeddable":true,"href":"https:\/\/www.entrerios.gov.ar\/cultura\/wp-json\/wp\/v2\/categories?post=4431"},{"taxonomy":"post_tag","embeddable":true,"href":"https:\/\/www.entrerios.gov.ar\/cultura\/wp-json\/wp\/v2\/tags?post=4431"}],"curies":[{"name":"wp","href":"https:\/\/api.w.org\/{rel}","templated":true}]}}