{"id":4463,"date":"2021-09-24T13:35:38","date_gmt":"2021-09-24T13:35:38","guid":{"rendered":"https:\/\/www.entrerios.gov.ar\/cultura\/?p=4463"},"modified":"2021-09-24T13:35:40","modified_gmt":"2021-09-24T13:35:40","slug":"continua-el-ciclo-imaginatelon-en-la-casa-de-la-cultura-de-entre-rios","status":"publish","type":"post","link":"https:\/\/www.entrerios.gov.ar\/cultura\/continua-el-ciclo-imaginatelon-en-la-casa-de-la-cultura-de-entre-rios\/","title":{"rendered":"Contin\u00faa el ciclo ImaginaTel\u00f3n en la Casa de la Cultura de Entre R\u00edos"},"content":{"rendered":"\n<p>E<strong>l s\u00e1bado 25 de septiembre a partir de las 15 hs y con nuevas propuestas; vuelve el ciclo ImaginaTel\u00f3n a la Casa de la Cultura de Entre R\u00edos. En esta oportunidad se presenta el espect\u00e1culo esc\u00e9nico musical \u201cLa Zapatanga&#8221;. Actividad gratuita, con capacidad limitada y conforme protocolos vigentes.<\/strong><\/p>\n\n\n\n<p>Adem\u00e1s del espect\u00e1culo se llevar\u00e1 adelante el Taller para toda la familia \u201cConjugando\u2026 lo que se nos canta!\u201d, ambas actividades a cargo del grupo Los Tinguiritas.<\/p>\n\n\n\n<p>La propuesta est\u00e1 dirigida a toda la familia. Las entradas deber\u00e1n reservarse con anticipaci\u00f3n, \u00fanicamente por mensaje de Whatsapp al n\u00famero 3435094207.<\/p>\n\n\n\n<p>A las 15 hs: Taller \u201cConjugando\u2026 lo que se nos canta!\u201d<\/p>\n\n\n\n<p>Sobre el Taller<\/p>\n\n\n\n<p>Una ronda, muchas canciones que invitan a jugar, con el cuerpo, con la voz, las palabras y la imaginaci\u00f3n en movimiento. Ronda que enrrumba los senderos del juego. Juegos recorriendo la memoria de cada persona, volvi\u00e9ndose presente colectivo. Tentadora invitaci\u00f3n a compartir la magia de crear con nuestro canto los mundos que se nos canten.<\/p>\n\n\n\n<p>Espect\u00e1culo esc\u00e9nico musical \u201cLa Zapatanga\u201d<\/p>\n\n\n\n<p>A las 16hs iniciar\u00e1 La Zapatanga. Atr\u00e1s suenan ruidos raros\u2026 \u00bfSer\u00e1n bichos? \u00bfGrandes? \u00bfChicos? \u00bfUn ciempi\u00e9s o un elefante? Sea lo que sea, este juego lo seguimos adelante.<\/p>\n\n\n\n<p>Y as\u00ed, como subiendo a un colectivo nos encontramos viajando en trabalenguas, zapateos y canciones, descubrimos lugares y seres fant\u00e1sticos como la casa de Antonella o el pajarito de Pedrito. Y despu\u00e9s de tomar alg\u00fan curso acelerado de pintor, le\u00f1ador, profesor o bombero, aprendemos idiomas inventados para buscar por otros lados un final que deje al mundo entero: grandes, chicos, gato o bichos satisfechos por igual.<\/p>\n\n\n\n<p>Invitan: Secretar\u00eda de Cultura de Entre R\u00edos, Casa de la Cultura de Entre R\u00edos y Festival de Espect\u00e1culos Infantiles (FEI).<\/p>\n","protected":false},"excerpt":{"rendered":"<p>El s\u00e1bado 25 de septiembre a partir de las 15 hs y con nuevas propuestas; vuelve el ciclo ImaginaTel\u00f3n a la Casa de la Cultura de Entre R\u00edos. En esta oportunidad se presenta el espect\u00e1culo esc\u00e9nico musical \u201cLa Zapatanga&#8221;. Actividad gratuita, con capacidad limitada y conforme protocolos vigentes. Adem\u00e1s del espect\u00e1culo se llevar\u00e1 adelante el [&hellip;]<\/p>\n","protected":false},"author":5,"featured_media":4464,"comment_status":"open","ping_status":"open","sticky":false,"template":"","format":"standard","meta":{"_et_pb_use_builder":"off","_et_pb_old_content":"","_et_gb_content_width":"","footnotes":""},"categories":[28,19],"tags":[],"class_list":["post-4463","post","type-post","status-publish","format-standard","has-post-thumbnail","hentry","category-noticias","category-casa-de-la-cultura-de-er"],"_links":{"self":[{"href":"https:\/\/www.entrerios.gov.ar\/cultura\/wp-json\/wp\/v2\/posts\/4463","targetHints":{"allow":["GET"]}}],"collection":[{"href":"https:\/\/www.entrerios.gov.ar\/cultura\/wp-json\/wp\/v2\/posts"}],"about":[{"href":"https:\/\/www.entrerios.gov.ar\/cultura\/wp-json\/wp\/v2\/types\/post"}],"author":[{"embeddable":true,"href":"https:\/\/www.entrerios.gov.ar\/cultura\/wp-json\/wp\/v2\/users\/5"}],"replies":[{"embeddable":true,"href":"https:\/\/www.entrerios.gov.ar\/cultura\/wp-json\/wp\/v2\/comments?post=4463"}],"version-history":[{"count":1,"href":"https:\/\/www.entrerios.gov.ar\/cultura\/wp-json\/wp\/v2\/posts\/4463\/revisions"}],"predecessor-version":[{"id":4465,"href":"https:\/\/www.entrerios.gov.ar\/cultura\/wp-json\/wp\/v2\/posts\/4463\/revisions\/4465"}],"wp:featuredmedia":[{"embeddable":true,"href":"https:\/\/www.entrerios.gov.ar\/cultura\/wp-json\/wp\/v2\/media\/4464"}],"wp:attachment":[{"href":"https:\/\/www.entrerios.gov.ar\/cultura\/wp-json\/wp\/v2\/media?parent=4463"}],"wp:term":[{"taxonomy":"category","embeddable":true,"href":"https:\/\/www.entrerios.gov.ar\/cultura\/wp-json\/wp\/v2\/categories?post=4463"},{"taxonomy":"post_tag","embeddable":true,"href":"https:\/\/www.entrerios.gov.ar\/cultura\/wp-json\/wp\/v2\/tags?post=4463"}],"curies":[{"name":"wp","href":"https:\/\/api.w.org\/{rel}","templated":true}]}}