{"id":4497,"date":"2021-09-29T01:33:38","date_gmt":"2021-09-29T01:33:38","guid":{"rendered":"https:\/\/www.entrerios.gov.ar\/cultura\/?p=4497"},"modified":"2021-09-29T01:33:40","modified_gmt":"2021-09-29T01:33:40","slug":"el-domingo-se-realizo-el-primer-encuentro-imaginatelonen-barrios-de-parana","status":"publish","type":"post","link":"https:\/\/www.entrerios.gov.ar\/cultura\/el-domingo-se-realizo-el-primer-encuentro-imaginatelonen-barrios-de-parana\/","title":{"rendered":"El domingo se realiz\u00f3 el primer encuentro \u201cImaginaTel\u00f3n\u201den barrios de Paran\u00e1"},"content":{"rendered":"\n<p><strong>El domingo pasado, el ciclo ImaginaTel\u00f3n realiz\u00f3 su primera funci\u00f3n en el CIC II ESTE del barrio Paran\u00e1 14, dando inicio al recorrido que se llevar\u00e1 adelante por diversos barrios de la capital entrerriana.\u00a0<\/strong><\/p>\n\n\n\n<p>La actividad cont\u00f3 una gran asistencia de las familias del barrio, que concurrieron con sus ni\u00f1os a disfrutar al aire libre el show de clown de \u201cCartoncito y Strudel\u201d, que presentaron el espect\u00e1culo &#8220;Las vueltas de la vida de dos clown&#8221;.&nbsp;&nbsp;<\/p>\n\n\n\n<p>Esta modalidad del ciclo ImaginaTel\u00f3n se enmarca dentro del proyecto La Casa Viaja de la Casa de la Cultura de Entre R\u00edos, dependiente de la Secretar\u00eda de Cultura de la Provincia, que propone la salida de los equipamientos culturales p\u00fablicos al territorio, brindando los recursos para la producci\u00f3n, medios t\u00e9cnicos y una programaci\u00f3n variada para llegar a la comunidad en sus diversos entornos.&nbsp;<\/p>\n\n\n\n<p>ImaginaTel\u00f3n propone&nbsp; desde el a\u00f1o 2020, diversas actividades gratuitas para las infancias en distintos formatos, que en esta modalidad llega a barrios de la ciudad de Paran\u00e1, por un trabajo conjunto de la Secretar\u00eda de Cultura de Entre R\u00edos, la Casa de la Cultura de Entre R\u00edos; y el colectivo FEI (Festival de Espect\u00e1culos Infantiles), quienes en este caso realizaron la articulaci\u00f3n con el espacio municipal CIC II ESTE del barrio Paran\u00e1 14.<\/p>\n\n\n\n<p>Para conocer m\u00e1s respecto de ImaginaTel\u00f3n se puede consultar las redes sociales de la Casa de la Cultura o de ImaginaTel\u00f3n.<\/p>\n","protected":false},"excerpt":{"rendered":"<p>El domingo pasado, el ciclo ImaginaTel\u00f3n realiz\u00f3 su primera funci\u00f3n en el CIC II ESTE del barrio Paran\u00e1 14, dando inicio al recorrido que se llevar\u00e1 adelante por diversos barrios de la capital entrerriana.\u00a0 La actividad cont\u00f3 una gran asistencia de las familias del barrio, que concurrieron con sus ni\u00f1os a disfrutar al aire libre [&hellip;]<\/p>\n","protected":false},"author":5,"featured_media":4498,"comment_status":"open","ping_status":"open","sticky":false,"template":"","format":"standard","meta":{"_et_pb_use_builder":"off","_et_pb_old_content":"","_et_gb_content_width":"","footnotes":""},"categories":[28,19],"tags":[],"class_list":["post-4497","post","type-post","status-publish","format-standard","has-post-thumbnail","hentry","category-noticias","category-casa-de-la-cultura-de-er"],"_links":{"self":[{"href":"https:\/\/www.entrerios.gov.ar\/cultura\/wp-json\/wp\/v2\/posts\/4497","targetHints":{"allow":["GET"]}}],"collection":[{"href":"https:\/\/www.entrerios.gov.ar\/cultura\/wp-json\/wp\/v2\/posts"}],"about":[{"href":"https:\/\/www.entrerios.gov.ar\/cultura\/wp-json\/wp\/v2\/types\/post"}],"author":[{"embeddable":true,"href":"https:\/\/www.entrerios.gov.ar\/cultura\/wp-json\/wp\/v2\/users\/5"}],"replies":[{"embeddable":true,"href":"https:\/\/www.entrerios.gov.ar\/cultura\/wp-json\/wp\/v2\/comments?post=4497"}],"version-history":[{"count":1,"href":"https:\/\/www.entrerios.gov.ar\/cultura\/wp-json\/wp\/v2\/posts\/4497\/revisions"}],"predecessor-version":[{"id":4499,"href":"https:\/\/www.entrerios.gov.ar\/cultura\/wp-json\/wp\/v2\/posts\/4497\/revisions\/4499"}],"wp:featuredmedia":[{"embeddable":true,"href":"https:\/\/www.entrerios.gov.ar\/cultura\/wp-json\/wp\/v2\/media\/4498"}],"wp:attachment":[{"href":"https:\/\/www.entrerios.gov.ar\/cultura\/wp-json\/wp\/v2\/media?parent=4497"}],"wp:term":[{"taxonomy":"category","embeddable":true,"href":"https:\/\/www.entrerios.gov.ar\/cultura\/wp-json\/wp\/v2\/categories?post=4497"},{"taxonomy":"post_tag","embeddable":true,"href":"https:\/\/www.entrerios.gov.ar\/cultura\/wp-json\/wp\/v2\/tags?post=4497"}],"curies":[{"name":"wp","href":"https:\/\/api.w.org\/{rel}","templated":true}]}}