{"id":4542,"date":"2021-10-07T15:40:08","date_gmt":"2021-10-07T15:40:08","guid":{"rendered":"https:\/\/www.entrerios.gov.ar\/cultura\/?p=4542"},"modified":"2021-10-07T15:40:10","modified_gmt":"2021-10-07T15:40:10","slug":"el-museo-provincial-antonio-serrano-inauguro-nuevas-salas-de-exhibicion","status":"publish","type":"post","link":"https:\/\/www.entrerios.gov.ar\/cultura\/el-museo-provincial-antonio-serrano-inauguro-nuevas-salas-de-exhibicion\/","title":{"rendered":"El Museo Provincial  Antonio Serrano inaugur\u00f3 nuevas salas de exhibici\u00f3n"},"content":{"rendered":"\n<p><strong>Se llev\u00f3 a cabo este mi\u00e9rcoles el acto de inauguraci\u00f3n de las nuevas salas de Antropolog\u00eda del Museo de Ciencias Naturales y Antropol\u00f3gicas \u201cProf. Antonio Serrano\u201d organismo dependiente de la Secretar\u00eda de Cultura de Entre R\u00edos.<\/strong><\/p>\n\n\n\n<p>Se trata de la renovaci\u00f3n conceptual y museogr\u00e1fica de las salas de Antropolog\u00eda que forman parte de la propuesta de exhibiciones permanentes que tiene la instituci\u00f3n.&nbsp; El proyecto, que llev\u00f3 tres a\u00f1os de trabajo, fue posible gracias a las alianzas estrat\u00e9gicas con investigadores profesionales destacados de nuestro pa\u00eds que trabajan en la provincia,&nbsp; el Dr. Gustavo Polittis y el Dr. Mariano Bonomo,&nbsp; a partir de lo cual se logr\u00f3 el apoyo del Ministerio de Ciencia, Tecnolog\u00eda e Innovaci\u00f3n para acceder al financiamiento de la l\u00ednea Asetur (Apoyo Tecnol\u00f3gico al Sector Tur\u00edstico). Desde all\u00ed se articul\u00f3 con la Asociaci\u00f3n de Amigos del Museo y la unidad de vinculaci\u00f3n tecnol\u00f3gica de la Facultad Regional Paran\u00e1, de la Universidad Tecnol\u00f3gica Nacional (UTN), trabajando con Eduardo Zamboni y Regina Cavenaghi.<br>El equipo interdisciplinar que llev\u00f3 adelante el trabajo, est\u00e1 integrado por&nbsp; el Dr. Gustavo Polittis, Dr. Mariano Bonomo, Arque\u00f3logo Alejandro Richard, la Antrop\u00f3loga Silvia Tessio y Lic. en Comunicaci\u00f3n Social Mar\u00eda Emilia Ghiglione, que trabajaron en el gui\u00f3n museol\u00f3gico; en dise\u00f1o museogr\u00e1fico y montaje la Muse\u00f3loga y Arque\u00f3loga Maia Rodr\u00edguez, dise\u00f1o gr\u00e1fico Liliana Roldan. Tambi\u00e9n cont\u00f3 con la colaboraci\u00f3n de los t\u00e9cnicos Jorge Flores, Sergio Medina,&nbsp; Rogelio Kunzi, Mario De Maggio y Marcela Mart\u00ednez.<\/p>\n\n\n\n<p>La nueva propuesta comprende cuatro salas de exhibici\u00f3n, que proponen un dise\u00f1o moderno e interactivo, donde el eje conceptual est\u00e1 puesto en la identidad entrerriana y el proceso complejo y din\u00e1mico de su conformaci\u00f3n. Desde all\u00ed se propone reflexionar sobre aquellas voces silenciadas y olvidadas en esta historia. Los aportes de la arqueolog\u00eda y antropolog\u00eda sumado a las poblaciones actuales de descendientes de pueblos originarios y afrodescendientes permiten hoy una narrativa plural, donde el visitante se sienta interpelado a reflexionar y sumar su voz.&nbsp;&nbsp;&nbsp;<\/p>\n\n\n\n<p>La jornada cont\u00f3 con la presencia de varios directores y directoras de organismos pertenecientes a la cartera de Cultura de la Provincia, como as\u00ed tambi\u00e9n legisladores provinciales, funcionarios de la Municipalidad de Paran\u00e1 y referentes de organizaciones.&nbsp;<\/p>\n\n\n\n<p>La secretaria de Cultura, Francisca D\u00b4Agostino recorri\u00f3 las salas junto a la directora de la instituci\u00f3n, Gisela Bahler. Esta \u00faltima se\u00f1al\u00f3 que \u201clas nuevas salas proponen una mirada desde la pluriculturalidad, incorporando la&nbsp; multiplicidad de voces que conforman la identidad entrerriana. Hace tres a\u00f1os que con el conjunto de profesionales nos hemos planteado un estudio anal\u00edtico de los discursos representados en los museos en general, para dar cabida a los relatos en primera persona de las otras historias que se narran de manera encubierta y solapada entre sus paredes\u201d.&nbsp;&nbsp;<\/p>\n\n\n\n<p>Y agreg\u00f3 \u201cqueremos que el visitante dialogue de manera cr\u00edtica con lo que se presenta y se muestra, una oportunidad&nbsp; con nuevos contenidos o diferentes enfoques y miradas\u201d.<\/p>\n\n\n\n<p>Por su parte, la Muse\u00f3loga Maia Rodr\u00edguez, tambi\u00e9n se refiri\u00f3 a la importancia de la inauguraci\u00f3n de estas salas y subray\u00f3 que \u201cel Museo es, hoy en d\u00eda, una instituci\u00f3n abierta, de y para la comunidad, comprometida con la misma y al servicio de la expresi\u00f3n de ideas, generadora de espacios de integraci\u00f3n, de inclusi\u00f3n, que busca crecer, que crezcamos como sociedad. La inauguraci\u00f3n de estas cuatro salas de Antropolog\u00eda que presentan una materialidad arqueol\u00f3gica contextualizada, propone una gran responsabilidad social al trabajar la multivocalidad con la comunidad. El museo se encuentra en un proceso de reconversi\u00f3n, de generaci\u00f3n de espacios de educaci\u00f3n no formal, de incluir a diversos p\u00fablicos&nbsp; para empezar a crear conciencia del importante patrimonio de nuestra provincia\u201d.<\/p>\n\n\n\n<p><strong>Para realizar visitas a prop\u00f3sito del fin de semana largo<\/strong><\/p>\n\n\n\n<p>Desde el Museo se inform\u00f3 que a partir de este jueves y durante el fin de semana largo, las nuevas salas pueden visitarse en el siguiente horario de atenci\u00f3n al p\u00fablico: jueves y viernes de 9 a 12hs, s\u00e1bado de 8 a 12 y de 15 a 19hs, domingo y lunes de 9 a 12hs; mientras que el martes permanecer\u00e1 cerrado. La entrada es gratuita y la reserva de turnos se realiza telef\u00f3nicamente al (0343) 4208894.<\/p>\n","protected":false},"excerpt":{"rendered":"<p>Se llev\u00f3 a cabo este mi\u00e9rcoles el acto de inauguraci\u00f3n de las nuevas salas de Antropolog\u00eda del Museo de Ciencias Naturales y Antropol\u00f3gicas \u201cProf. Antonio Serrano\u201d organismo dependiente de la Secretar\u00eda de Cultura de Entre R\u00edos. Se trata de la renovaci\u00f3n conceptual y museogr\u00e1fica de las salas de Antropolog\u00eda que forman parte de la propuesta [&hellip;]<\/p>\n","protected":false},"author":5,"featured_media":4543,"comment_status":"open","ping_status":"open","sticky":false,"template":"","format":"standard","meta":{"_et_pb_use_builder":"off","_et_pb_old_content":"","_et_gb_content_width":"","footnotes":""},"categories":[28,8],"tags":[],"class_list":["post-4542","post","type-post","status-publish","format-standard","has-post-thumbnail","hentry","category-noticias","category-museo-ciencias-naturales"],"_links":{"self":[{"href":"https:\/\/www.entrerios.gov.ar\/cultura\/wp-json\/wp\/v2\/posts\/4542","targetHints":{"allow":["GET"]}}],"collection":[{"href":"https:\/\/www.entrerios.gov.ar\/cultura\/wp-json\/wp\/v2\/posts"}],"about":[{"href":"https:\/\/www.entrerios.gov.ar\/cultura\/wp-json\/wp\/v2\/types\/post"}],"author":[{"embeddable":true,"href":"https:\/\/www.entrerios.gov.ar\/cultura\/wp-json\/wp\/v2\/users\/5"}],"replies":[{"embeddable":true,"href":"https:\/\/www.entrerios.gov.ar\/cultura\/wp-json\/wp\/v2\/comments?post=4542"}],"version-history":[{"count":1,"href":"https:\/\/www.entrerios.gov.ar\/cultura\/wp-json\/wp\/v2\/posts\/4542\/revisions"}],"predecessor-version":[{"id":4544,"href":"https:\/\/www.entrerios.gov.ar\/cultura\/wp-json\/wp\/v2\/posts\/4542\/revisions\/4544"}],"wp:featuredmedia":[{"embeddable":true,"href":"https:\/\/www.entrerios.gov.ar\/cultura\/wp-json\/wp\/v2\/media\/4543"}],"wp:attachment":[{"href":"https:\/\/www.entrerios.gov.ar\/cultura\/wp-json\/wp\/v2\/media?parent=4542"}],"wp:term":[{"taxonomy":"category","embeddable":true,"href":"https:\/\/www.entrerios.gov.ar\/cultura\/wp-json\/wp\/v2\/categories?post=4542"},{"taxonomy":"post_tag","embeddable":true,"href":"https:\/\/www.entrerios.gov.ar\/cultura\/wp-json\/wp\/v2\/tags?post=4542"}],"curies":[{"name":"wp","href":"https:\/\/api.w.org\/{rel}","templated":true}]}}