{"id":4680,"date":"2021-10-15T12:18:05","date_gmt":"2021-10-15T12:18:05","guid":{"rendered":"https:\/\/www.entrerios.gov.ar\/cultura\/?p=4680"},"modified":"2021-10-15T12:18:07","modified_gmt":"2021-10-15T12:18:07","slug":"ciclo-imaginatelon-visita-este-sabado-el-merendero-rayito-de-sol-en-barrio-el-pozo","status":"publish","type":"post","link":"https:\/\/www.entrerios.gov.ar\/cultura\/ciclo-imaginatelon-visita-este-sabado-el-merendero-rayito-de-sol-en-barrio-el-pozo\/","title":{"rendered":"Ciclo ImaginaTel\u00f3n visita este s\u00e1bado el Merendero Rayito de Sol, en Barrio El Pozo"},"content":{"rendered":"\n<p><strong>Este s\u00e1bado, \u201cImaginaTel\u00f3n en la Casa\u201d sale de recorrida para brindar una funci\u00f3n en el Merendero Rayito de Sol, en Barrio El Pozo de la ciudad de Paran\u00e1. En el marco de la jornada, que comienza a las 17hs, se presentar\u00e1n Peperina y Charamuzca. La actividad es gratuita, presencial y con protocolo.\u00a0<\/strong><\/p>\n\n\n\n<p>La propuesta se enmarca dentro del proyecto \u201cLa Casa Viaja\u201d que propone la salida de los equipamientos culturales p\u00fablicos de la Casa de la Cultura de Entre R\u00edos, organismo dependiente de la Secretar\u00eda de Cultura de Entre R\u00edos, al territorio brindando los recursos para la producci\u00f3n, medios t\u00e9cnicos y una programaci\u00f3n variada para llegar a la comunidad en sus diversos entornos.<\/p>\n\n\n\n<p>La cita es en el barrio El Pozo, en calle Sim\u00f3n V\u00e1zquez s\/n, entre Jos\u00e9 Mar\u00eda Paz y Santos Vega.<\/p>\n\n\n\n<p><strong>Sobre el espect\u00e1culo teatral:&nbsp;<\/strong><\/p>\n\n\n\n<p>Luego de muchos a\u00f1os de no verse, en un lugar cualquiera, dos viejos amigos payasos se encuentran. En esta situaci\u00f3n, cada uno tiene ins\u00f3litas y desequilibradas sorpresas para el otro: poes\u00eda, m\u00fasica, risas y un final prendido juego. A trav\u00e9s de disparatados momentos, emergen aspectos como: la importancia en la confianza en uno mismo, el trabajo en equipo, la cooperaci\u00f3n y la perseverancia.<\/p>\n\n\n\n<p>Se trata de un espect\u00e1culo de circo y teatro, dirigido a toda la familia.La actividad es gratuita, con capacidad limitada, conforme protocolos vigentes.&nbsp;<\/p>\n\n\n\n<p><strong>Invitan:<\/strong> Secretar\u00eda de Cultura de Entre R\u00edos, Casa de la Cultura de Entre R\u00edos; FEI (Festival de Espect\u00e1culos Infantiles).<br>\u00c1rea de archivos adjuntos<\/p>\n","protected":false},"excerpt":{"rendered":"<p>Este s\u00e1bado, \u201cImaginaTel\u00f3n en la Casa\u201d sale de recorrida para brindar una funci\u00f3n en el Merendero Rayito de Sol, en Barrio El Pozo de la ciudad de Paran\u00e1. En el marco de la jornada, que comienza a las 17hs, se presentar\u00e1n Peperina y Charamuzca. La actividad es gratuita, presencial y con protocolo.\u00a0 La propuesta se [&hellip;]<\/p>\n","protected":false},"author":5,"featured_media":4681,"comment_status":"open","ping_status":"open","sticky":false,"template":"","format":"standard","meta":{"_et_pb_use_builder":"off","_et_pb_old_content":"","_et_gb_content_width":"","footnotes":""},"categories":[28,19],"tags":[],"class_list":["post-4680","post","type-post","status-publish","format-standard","has-post-thumbnail","hentry","category-noticias","category-casa-de-la-cultura-de-er"],"_links":{"self":[{"href":"https:\/\/www.entrerios.gov.ar\/cultura\/wp-json\/wp\/v2\/posts\/4680","targetHints":{"allow":["GET"]}}],"collection":[{"href":"https:\/\/www.entrerios.gov.ar\/cultura\/wp-json\/wp\/v2\/posts"}],"about":[{"href":"https:\/\/www.entrerios.gov.ar\/cultura\/wp-json\/wp\/v2\/types\/post"}],"author":[{"embeddable":true,"href":"https:\/\/www.entrerios.gov.ar\/cultura\/wp-json\/wp\/v2\/users\/5"}],"replies":[{"embeddable":true,"href":"https:\/\/www.entrerios.gov.ar\/cultura\/wp-json\/wp\/v2\/comments?post=4680"}],"version-history":[{"count":1,"href":"https:\/\/www.entrerios.gov.ar\/cultura\/wp-json\/wp\/v2\/posts\/4680\/revisions"}],"predecessor-version":[{"id":4682,"href":"https:\/\/www.entrerios.gov.ar\/cultura\/wp-json\/wp\/v2\/posts\/4680\/revisions\/4682"}],"wp:featuredmedia":[{"embeddable":true,"href":"https:\/\/www.entrerios.gov.ar\/cultura\/wp-json\/wp\/v2\/media\/4681"}],"wp:attachment":[{"href":"https:\/\/www.entrerios.gov.ar\/cultura\/wp-json\/wp\/v2\/media?parent=4680"}],"wp:term":[{"taxonomy":"category","embeddable":true,"href":"https:\/\/www.entrerios.gov.ar\/cultura\/wp-json\/wp\/v2\/categories?post=4680"},{"taxonomy":"post_tag","embeddable":true,"href":"https:\/\/www.entrerios.gov.ar\/cultura\/wp-json\/wp\/v2\/tags?post=4680"}],"curies":[{"name":"wp","href":"https:\/\/api.w.org\/{rel}","templated":true}]}}