{"id":4802,"date":"2021-10-19T20:51:37","date_gmt":"2021-10-19T20:51:37","guid":{"rendered":"https:\/\/www.entrerios.gov.ar\/cultura\/?p=4802"},"modified":"2021-10-19T20:51:40","modified_gmt":"2021-10-19T20:51:40","slug":"este-jueves-ash-y-fireboymami-se-presentan-en-el-ciclo-el-rap-esta-en-la-casa","status":"publish","type":"post","link":"https:\/\/www.entrerios.gov.ar\/cultura\/este-jueves-ash-y-fireboymami-se-presentan-en-el-ciclo-el-rap-esta-en-la-casa\/","title":{"rendered":"Este jueves, Ash y Fireboymami  se presentan en el ciclo El Rap Est\u00e1 en la Casa"},"content":{"rendered":"\n<p><strong>Este jueves 21 de octubre en horario de las 21 horas, Casa de la Cultura de Entre R\u00edos invita a compartir un nuevo encuentro del ciclo El Rap est\u00e1 en la Casa.\u00a0<\/strong><\/p>\n\n\n\n<p>En esta oportunidad se presentar\u00e1n los artistas Ash y Fireboymami, que ofrecer\u00e1n sus l\u00edricas urbanas en nuestro escenario emplazado en el patio.<\/p>\n\n\n\n<p>El Rap est\u00e1 en la Casa es un proyecto de Casa de la Cultura de Entre R\u00edos, organismo dependiente de la Secretar\u00eda de Cultura de Entre R\u00edos.<\/p>\n\n\n\n<p>La actividad es presencial, con entrada libre y gratuita. Ingreso por orden de llegada, con capacidad limitada. Habr\u00e1 servicio de cantina. Protocolo sanitario.<\/p>\n\n\n\n<p>Para m\u00e1s informaci\u00f3n: <a href=\"mailto:casaculturaentrerios@gmail.com\" target=\"_blank\" rel=\"noreferrer noopener\">casaculturaentrerios@gmail.com<\/a><\/p>\n","protected":false},"excerpt":{"rendered":"<p>Este jueves 21 de octubre en horario de las 21 horas, Casa de la Cultura de Entre R\u00edos invita a compartir un nuevo encuentro del ciclo El Rap est\u00e1 en la Casa.\u00a0 En esta oportunidad se presentar\u00e1n los artistas Ash y Fireboymami, que ofrecer\u00e1n sus l\u00edricas urbanas en nuestro escenario emplazado en el patio. El [&hellip;]<\/p>\n","protected":false},"author":5,"featured_media":4803,"comment_status":"open","ping_status":"open","sticky":false,"template":"","format":"standard","meta":{"_et_pb_use_builder":"off","_et_pb_old_content":"","_et_gb_content_width":"","footnotes":""},"categories":[28,19],"tags":[],"class_list":["post-4802","post","type-post","status-publish","format-standard","has-post-thumbnail","hentry","category-noticias","category-casa-de-la-cultura-de-er"],"_links":{"self":[{"href":"https:\/\/www.entrerios.gov.ar\/cultura\/wp-json\/wp\/v2\/posts\/4802","targetHints":{"allow":["GET"]}}],"collection":[{"href":"https:\/\/www.entrerios.gov.ar\/cultura\/wp-json\/wp\/v2\/posts"}],"about":[{"href":"https:\/\/www.entrerios.gov.ar\/cultura\/wp-json\/wp\/v2\/types\/post"}],"author":[{"embeddable":true,"href":"https:\/\/www.entrerios.gov.ar\/cultura\/wp-json\/wp\/v2\/users\/5"}],"replies":[{"embeddable":true,"href":"https:\/\/www.entrerios.gov.ar\/cultura\/wp-json\/wp\/v2\/comments?post=4802"}],"version-history":[{"count":1,"href":"https:\/\/www.entrerios.gov.ar\/cultura\/wp-json\/wp\/v2\/posts\/4802\/revisions"}],"predecessor-version":[{"id":4804,"href":"https:\/\/www.entrerios.gov.ar\/cultura\/wp-json\/wp\/v2\/posts\/4802\/revisions\/4804"}],"wp:featuredmedia":[{"embeddable":true,"href":"https:\/\/www.entrerios.gov.ar\/cultura\/wp-json\/wp\/v2\/media\/4803"}],"wp:attachment":[{"href":"https:\/\/www.entrerios.gov.ar\/cultura\/wp-json\/wp\/v2\/media?parent=4802"}],"wp:term":[{"taxonomy":"category","embeddable":true,"href":"https:\/\/www.entrerios.gov.ar\/cultura\/wp-json\/wp\/v2\/categories?post=4802"},{"taxonomy":"post_tag","embeddable":true,"href":"https:\/\/www.entrerios.gov.ar\/cultura\/wp-json\/wp\/v2\/tags?post=4802"}],"curies":[{"name":"wp","href":"https:\/\/api.w.org\/{rel}","templated":true}]}}