{"id":4815,"date":"2021-10-21T12:06:02","date_gmt":"2021-10-21T12:06:02","guid":{"rendered":"https:\/\/www.entrerios.gov.ar\/cultura\/?p=4815"},"modified":"2021-10-21T12:06:05","modified_gmt":"2021-10-21T12:06:05","slug":"nueva-propuesta-del-ciclo-imaginatelon-en-la-casa-de-la-cultura","status":"publish","type":"post","link":"https:\/\/www.entrerios.gov.ar\/cultura\/nueva-propuesta-del-ciclo-imaginatelon-en-la-casa-de-la-cultura\/","title":{"rendered":"Nueva propuesta del ciclo \u201cImaginaTel\u00f3n\u201d en la Casa de la Cultura"},"content":{"rendered":"\n<p>Este domingo a partir de las 17, se presentar\u00e1 una nueva propuesta del ciclo \u201cImaginaTel\u00f3n\u201d en la Casa de la Cultura de Entre R\u00edos.&nbsp; La actividad est\u00e1 dirigida a toda la familia; es gratuita, con capacidad limitada, y conforme a los protocolos vigentes. En esta oportunidad el ciclo presenta la obra teatral Inodoro Pereyra (R. Fontanarrosa) del&nbsp; Grupo Ronda, y habr\u00e1 un taller de Acercamiento a la Historieta a cargo de Julieta Battauz.&nbsp;<\/p>\n\n\n\n<p>El ingreso es por orden de llegada, la capacidad ser\u00e1 limitada conforme los protocolos vigentes<\/p>\n\n\n\n<p><strong>Programaci\u00f3n:<\/strong><\/p>\n\n\n\n<p>A las 17 horas dar\u00e1 inicio el taller de Acercamiento a la Historieta a cargo de Julieta Battauz.&nbsp;<\/p>\n\n\n\n<p>El encuentro constar\u00e1 de un acercamiento a la historieta identificando sus elementos y &nbsp; caracter\u00edsticas. La propuesta tratar\u00e1 de la creaci\u00f3n de personajes a trav\u00e9s de formas b\u00e1sicas de dibujo, situ\u00e1ndolos en un&nbsp; escenario\/paisaje determinado donde se den situaciones de di\u00e1logo&nbsp; humor\u00edstico o reflexivo.&nbsp;<\/p>\n\n\n\n<p>Se plasmar\u00e1 en formato de fanzine.&nbsp; En relaci\u00f3n con la obra siguiente, la idea es pensar los personajes que se&nbsp; encuentran reflexionando desde su historia, como los personajes de&nbsp; Fontanarrosa.&nbsp;&nbsp;<\/p>\n\n\n\n<p>A las 18 horas tendr\u00e1 lugar la obra teatral Inodoro Pereyra (R. Fontanarrosa), del&nbsp; Grupo Ronda.<\/p>\n\n\n\n<p>La obra representa las andanzas de Inodoro Pereyra (cl\u00e1sico del humor argentino) una recorrida por diferentes&nbsp; situaciones que&nbsp; se transforman en una parodia ya no del gaucho&nbsp; sino de la idiosincrasia&nbsp; argentina.<\/p>\n\n\n\n<p>Inodoro Pereyra se convirti\u00f3 en un \u2018argentino com\u00fan\u2019, contradictorio &nbsp; que ve transcurrir la actualidad con un asombro que se acerca al desconcierto. Es un antih\u00e9roe: un tipo como tantos que hace lo que puede y no lo que quiere..<\/p>\n\n\n\n<p>Los personajes viven permanentes&nbsp; derrotas, que&nbsp; se transforman casi en \u00e9xitos&nbsp; gracias a la viveza criolla-&nbsp; que Inodoro la Eulogia y el Mendieta&nbsp; son capaces de&nbsp; desarrollar.<\/p>\n\n\n\n<p>&nbsp;Es la s\u00edntesis del humor argentino en toda su territorialidad, \u00e1cido, picante, ingenuo&nbsp; e incisivo.&nbsp;<\/p>\n\n\n\n<p>Invitan: Secretar\u00eda de Cultura de Entre R\u00edos, Casa de la Cultura de Entre R\u00edos; FEI (Festival de Espect\u00e1culos Infantiles).<br>\u00c1rea de archivos adjuntos<\/p>\n","protected":false},"excerpt":{"rendered":"<p>Este domingo a partir de las 17, se presentar\u00e1 una nueva propuesta del ciclo \u201cImaginaTel\u00f3n\u201d en la Casa de la Cultura de Entre R\u00edos.&nbsp; La actividad est\u00e1 dirigida a toda la familia; es gratuita, con capacidad limitada, y conforme a los protocolos vigentes. En esta oportunidad el ciclo presenta la obra teatral Inodoro Pereyra (R. [&hellip;]<\/p>\n","protected":false},"author":5,"featured_media":4816,"comment_status":"open","ping_status":"open","sticky":false,"template":"","format":"standard","meta":{"_et_pb_use_builder":"off","_et_pb_old_content":"","_et_gb_content_width":"","footnotes":""},"categories":[28,19],"tags":[],"class_list":["post-4815","post","type-post","status-publish","format-standard","has-post-thumbnail","hentry","category-noticias","category-casa-de-la-cultura-de-er"],"_links":{"self":[{"href":"https:\/\/www.entrerios.gov.ar\/cultura\/wp-json\/wp\/v2\/posts\/4815","targetHints":{"allow":["GET"]}}],"collection":[{"href":"https:\/\/www.entrerios.gov.ar\/cultura\/wp-json\/wp\/v2\/posts"}],"about":[{"href":"https:\/\/www.entrerios.gov.ar\/cultura\/wp-json\/wp\/v2\/types\/post"}],"author":[{"embeddable":true,"href":"https:\/\/www.entrerios.gov.ar\/cultura\/wp-json\/wp\/v2\/users\/5"}],"replies":[{"embeddable":true,"href":"https:\/\/www.entrerios.gov.ar\/cultura\/wp-json\/wp\/v2\/comments?post=4815"}],"version-history":[{"count":1,"href":"https:\/\/www.entrerios.gov.ar\/cultura\/wp-json\/wp\/v2\/posts\/4815\/revisions"}],"predecessor-version":[{"id":4817,"href":"https:\/\/www.entrerios.gov.ar\/cultura\/wp-json\/wp\/v2\/posts\/4815\/revisions\/4817"}],"wp:featuredmedia":[{"embeddable":true,"href":"https:\/\/www.entrerios.gov.ar\/cultura\/wp-json\/wp\/v2\/media\/4816"}],"wp:attachment":[{"href":"https:\/\/www.entrerios.gov.ar\/cultura\/wp-json\/wp\/v2\/media?parent=4815"}],"wp:term":[{"taxonomy":"category","embeddable":true,"href":"https:\/\/www.entrerios.gov.ar\/cultura\/wp-json\/wp\/v2\/categories?post=4815"},{"taxonomy":"post_tag","embeddable":true,"href":"https:\/\/www.entrerios.gov.ar\/cultura\/wp-json\/wp\/v2\/tags?post=4815"}],"curies":[{"name":"wp","href":"https:\/\/api.w.org\/{rel}","templated":true}]}}