{"id":4821,"date":"2021-10-21T13:10:28","date_gmt":"2021-10-21T13:10:28","guid":{"rendered":"https:\/\/www.entrerios.gov.ar\/cultura\/?p=4821"},"modified":"2021-10-21T13:10:31","modified_gmt":"2021-10-21T13:10:31","slug":"se-realizara-un-conversatorio-sobre-el-periodo-de-esclavitud-en-parana","status":"publish","type":"post","link":"https:\/\/www.entrerios.gov.ar\/cultura\/se-realizara-un-conversatorio-sobre-el-periodo-de-esclavitud-en-parana\/","title":{"rendered":"Se realizar\u00e1 un conversatorio sobre el per\u00edodo de esclavitud en Paran\u00e1"},"content":{"rendered":"\n<p><strong>Ser\u00e1 en el marco del Programa Barrio del Tambor que impulsa la Secretar\u00eda de Cultura de Entre R\u00edos desde el \u00c1rea de Patrimonio y el Museo de Ciencias Naturales y Antropol\u00f3gicas \u201cProf. Antonio Serrano, en conjunto con la agrupaci\u00f3n EntreAfros.<\/strong><\/p>\n\n\n\n<p>En esta oportunidad, el historiador Francisco Sosa,&nbsp; trabajar\u00e1 sobre el tema \u201cAbolici\u00f3n y posabolici\u00f3n de la esclavitud en paran\u00e1\u201d. La cita es este viernes a las 19 hs, a trav\u00e9s del canal de Youtube del Museo Serrano (<a href=\"http:\/\/www.youtube.com\/MuseoSerrano\" target=\"_blank\" rel=\"noreferrer noopener\">www.youtube.com\/MuseoSerrano<\/a>.<\/p>\n\n\n\n<p>La disertaci\u00f3n tratar\u00e1 sobre las trayectorias y experiencias de vida de dos personas esclavizadas (y sus respectivas familias) que viv\u00edan en Paran\u00e1 llegado el momento de la abolici\u00f3n definitiva de la esclavitud en 1853. El punto de partida es la Estad\u00edstica de esclavos de la provincia de Entre R\u00edos realizada en 1848. Desde all\u00ed se abordar\u00e1n algunos resultados parciales de la investigaci\u00f3n que a\u00fan est\u00e1 en proceso, la cual se pregunta por las oportunidades y los l\u00edmites con que los africanos y sus descendientes se encontraron durante el per\u00edodo de abolici\u00f3n y posabolici\u00f3n de la esclavitud en Paran\u00e1.<\/p>\n\n\n\n<p><strong>Sobre el disertante:<\/strong><\/p>\n\n\n\n<p>Francisco Sosa es Licenciado en Historia por la Facultad de Humanidades y Ciencias de la Universidad Nacional del Litoral (FHUC-UNL). Becario doctoral del Consejo Nacional de Investigaciones Cient\u00edficas y T\u00e9cnicas (CONICET). Desarrolla su trabajo en el Laboratorio de Investigaci\u00f3n en Ciencias Humanas de la Universidad Nacional de San Mart\u00edn (LICH-UNSAM). Se encuentra realizando el Doctorado en Historia de la Universidad de Buenos Aires (UBA) bajo la direcci\u00f3n de Ezequiel Adamovsky y Magdalena Candioti. Su tema de estudio se relaciona con la historia social de las clases populares, centr\u00e1ndose en la poblaci\u00f3n afrodescendiente de la ciudad de Paran\u00e1 durante el per\u00edodo abolicionista y posabolicionista.<br>\u00c1rea de archivos adjuntos<\/p>\n","protected":false},"excerpt":{"rendered":"<p>Ser\u00e1 en el marco del Programa Barrio del Tambor que impulsa la Secretar\u00eda de Cultura de Entre R\u00edos desde el \u00c1rea de Patrimonio y el Museo de Ciencias Naturales y Antropol\u00f3gicas \u201cProf. Antonio Serrano, en conjunto con la agrupaci\u00f3n EntreAfros. En esta oportunidad, el historiador Francisco Sosa,&nbsp; trabajar\u00e1 sobre el tema \u201cAbolici\u00f3n y posabolici\u00f3n de [&hellip;]<\/p>\n","protected":false},"author":5,"featured_media":4822,"comment_status":"open","ping_status":"open","sticky":false,"template":"","format":"standard","meta":{"_et_pb_use_builder":"off","_et_pb_old_content":"","_et_gb_content_width":"","footnotes":""},"categories":[28,8],"tags":[],"class_list":["post-4821","post","type-post","status-publish","format-standard","has-post-thumbnail","hentry","category-noticias","category-museo-ciencias-naturales"],"_links":{"self":[{"href":"https:\/\/www.entrerios.gov.ar\/cultura\/wp-json\/wp\/v2\/posts\/4821","targetHints":{"allow":["GET"]}}],"collection":[{"href":"https:\/\/www.entrerios.gov.ar\/cultura\/wp-json\/wp\/v2\/posts"}],"about":[{"href":"https:\/\/www.entrerios.gov.ar\/cultura\/wp-json\/wp\/v2\/types\/post"}],"author":[{"embeddable":true,"href":"https:\/\/www.entrerios.gov.ar\/cultura\/wp-json\/wp\/v2\/users\/5"}],"replies":[{"embeddable":true,"href":"https:\/\/www.entrerios.gov.ar\/cultura\/wp-json\/wp\/v2\/comments?post=4821"}],"version-history":[{"count":1,"href":"https:\/\/www.entrerios.gov.ar\/cultura\/wp-json\/wp\/v2\/posts\/4821\/revisions"}],"predecessor-version":[{"id":4823,"href":"https:\/\/www.entrerios.gov.ar\/cultura\/wp-json\/wp\/v2\/posts\/4821\/revisions\/4823"}],"wp:featuredmedia":[{"embeddable":true,"href":"https:\/\/www.entrerios.gov.ar\/cultura\/wp-json\/wp\/v2\/media\/4822"}],"wp:attachment":[{"href":"https:\/\/www.entrerios.gov.ar\/cultura\/wp-json\/wp\/v2\/media?parent=4821"}],"wp:term":[{"taxonomy":"category","embeddable":true,"href":"https:\/\/www.entrerios.gov.ar\/cultura\/wp-json\/wp\/v2\/categories?post=4821"},{"taxonomy":"post_tag","embeddable":true,"href":"https:\/\/www.entrerios.gov.ar\/cultura\/wp-json\/wp\/v2\/tags?post=4821"}],"curies":[{"name":"wp","href":"https:\/\/api.w.org\/{rel}","templated":true}]}}