{"id":4832,"date":"2021-10-22T13:18:18","date_gmt":"2021-10-22T13:18:18","guid":{"rendered":"https:\/\/www.entrerios.gov.ar\/cultura\/?p=4832"},"modified":"2021-10-22T13:18:19","modified_gmt":"2021-10-22T13:18:19","slug":"el-ciclo-imaginatelon-visita-el-barrio-antartida-argentina","status":"publish","type":"post","link":"https:\/\/www.entrerios.gov.ar\/cultura\/el-ciclo-imaginatelon-visita-el-barrio-antartida-argentina\/","title":{"rendered":"El ciclo ImaginaTel\u00f3n visita el barrio Ant\u00e1rtida Argentina"},"content":{"rendered":"\n<p><strong>Este s\u00e1bado 23 de octubre, el ciclo \u201cImaginaTel\u00f3n en la Casa\u201d contin\u00faa la recorrida por los barrios de Paran\u00e1 para brindar una funci\u00f3n en la Biblioteca Popular &#8220;Nora Corti\u00f1as&#8221;, ubicada en la sede de la comisi\u00f3n vecinal del barrio Ant\u00e1rtida Argentina.\u00a0<\/strong><\/p>\n\n\n\n<p>En el marco de la jornada, que comienza a las 17hs, se presentar\u00e1 el espect\u00e1culo \u201cPata Cortas\u201d unipersonal payaso, de Cosifango Circo. La actividad es gratuita, presencial y con protocolo sanitario. La actividad es gratuita.<\/p>\n\n\n\n<p>La propuesta se enmarca dentro del proyecto \u201cLa Casa Viaja\u201d que propone la salida de los equipamientos culturales p\u00fablicos de la Casa de la Cultura de Entre R\u00edos al territorio, brindando los recursos para la producci\u00f3n, medios t\u00e9cnicos y una programaci\u00f3n variada para llegar a la comunidad en sus diversos entornos.<\/p>\n\n\n\n<p><strong>Sobre el espect\u00e1culo teatral:&nbsp;<\/strong><\/p>\n\n\n\n<p><strong>Patas Cortas <\/strong>Unipersonal Payaso.<\/p>\n\n\n\n<p>Peluca, un exc\u00e9ntrico futbolista de una modesta liga Amateur queda sin club de un d\u00eda para otro.<\/p>\n\n\n\n<p>Ante la adversidad y en busca de trabajo. Casi por pura casualidad, comienza a participar en un circo callejero.<\/p>\n\n\n\n<p>Primero como ayudante, armando y desarmando. Minuto a minuto fue ganando espacio y confianza. Y termin\u00f3 armando su propia jugada personal en la pista de Circo; siempre con la ilusi\u00f3n de que alguien lo vea y as\u00ed volver a conseguir club.<\/p>\n\n\n\n<p>Una obra breve, concisa y directa, sobre el futbol y el circo. La ilusi\u00f3n y la pasi\u00f3n, el so\u00f1ar y el jugar&#8230;<\/p>\n\n\n\n<p>Invitan: Secretar\u00eda de Cultura de Entre R\u00edos, Casa de la Cultura de Entre R\u00edos; FEI (Festival de Espect\u00e1culos Infantiles).<\/p>\n","protected":false},"excerpt":{"rendered":"<p>Este s\u00e1bado 23 de octubre, el ciclo \u201cImaginaTel\u00f3n en la Casa\u201d contin\u00faa la recorrida por los barrios de Paran\u00e1 para brindar una funci\u00f3n en la Biblioteca Popular &#8220;Nora Corti\u00f1as&#8221;, ubicada en la sede de la comisi\u00f3n vecinal del barrio Ant\u00e1rtida Argentina.\u00a0 En el marco de la jornada, que comienza a las 17hs, se presentar\u00e1 el [&hellip;]<\/p>\n","protected":false},"author":5,"featured_media":4833,"comment_status":"open","ping_status":"open","sticky":false,"template":"","format":"standard","meta":{"_et_pb_use_builder":"off","_et_pb_old_content":"","_et_gb_content_width":"","footnotes":""},"categories":[28,19],"tags":[],"class_list":["post-4832","post","type-post","status-publish","format-standard","has-post-thumbnail","hentry","category-noticias","category-casa-de-la-cultura-de-er"],"_links":{"self":[{"href":"https:\/\/www.entrerios.gov.ar\/cultura\/wp-json\/wp\/v2\/posts\/4832","targetHints":{"allow":["GET"]}}],"collection":[{"href":"https:\/\/www.entrerios.gov.ar\/cultura\/wp-json\/wp\/v2\/posts"}],"about":[{"href":"https:\/\/www.entrerios.gov.ar\/cultura\/wp-json\/wp\/v2\/types\/post"}],"author":[{"embeddable":true,"href":"https:\/\/www.entrerios.gov.ar\/cultura\/wp-json\/wp\/v2\/users\/5"}],"replies":[{"embeddable":true,"href":"https:\/\/www.entrerios.gov.ar\/cultura\/wp-json\/wp\/v2\/comments?post=4832"}],"version-history":[{"count":1,"href":"https:\/\/www.entrerios.gov.ar\/cultura\/wp-json\/wp\/v2\/posts\/4832\/revisions"}],"predecessor-version":[{"id":4834,"href":"https:\/\/www.entrerios.gov.ar\/cultura\/wp-json\/wp\/v2\/posts\/4832\/revisions\/4834"}],"wp:featuredmedia":[{"embeddable":true,"href":"https:\/\/www.entrerios.gov.ar\/cultura\/wp-json\/wp\/v2\/media\/4833"}],"wp:attachment":[{"href":"https:\/\/www.entrerios.gov.ar\/cultura\/wp-json\/wp\/v2\/media?parent=4832"}],"wp:term":[{"taxonomy":"category","embeddable":true,"href":"https:\/\/www.entrerios.gov.ar\/cultura\/wp-json\/wp\/v2\/categories?post=4832"},{"taxonomy":"post_tag","embeddable":true,"href":"https:\/\/www.entrerios.gov.ar\/cultura\/wp-json\/wp\/v2\/tags?post=4832"}],"curies":[{"name":"wp","href":"https:\/\/api.w.org\/{rel}","templated":true}]}}