{"id":4841,"date":"2021-10-24T16:04:19","date_gmt":"2021-10-24T16:04:19","guid":{"rendered":"https:\/\/www.entrerios.gov.ar\/cultura\/?p=4841"},"modified":"2021-10-24T16:04:22","modified_gmt":"2021-10-24T16:04:22","slug":"volvieron-las-visitas-grupales-al-museo-provincial-de-bellas-artes","status":"publish","type":"post","link":"https:\/\/www.entrerios.gov.ar\/cultura\/volvieron-las-visitas-grupales-al-museo-provincial-de-bellas-artes\/","title":{"rendered":"Volvieron las visitas grupales al Museo Provincial de Bellas Artes"},"content":{"rendered":"\n<p><strong>A partir de la flexibilizaci\u00f3n\u00a0de las nuevas disposiciones en materia sanitaria el Museo Provincial de Bellas Artes \u201cDr. Pedro E. Mart\u00ednez\u201d dependiente de la Secretar\u00eda de Cultura del gobierno Entre R\u00edos retoma sus programa anual de visitas grupales. Los recorridos son gratuitos con reserva de turno previa y cumplimiento de protocolo Covid 19.<\/strong><\/p>\n\n\n\n<p>La propuesta est\u00e1 destinada a establecimientos educativos de todos los niveles, instituciones, clubes, vecinales, talleres de arte, comisiones vecinales, organizaciones sociales y comunitarias y p\u00fablico en general.&nbsp;<\/p>\n\n\n\n<p>&#8220;Si bien desde el primer momento del contexto restrictivo impuesto por la pandemia generamos una serie de plataformas y dispositivos virtuales para sostener y fortalecer el contacto con el p\u00fablico tales como ciclos de charlas en vivo a trav\u00e9s del canal de Youtube del Museo y nuestras redes sociales, creaci\u00f3n de un sello editorial digital para la publicaci\u00f3n de cat\u00e1logos de la colecci\u00f3n patrimonial, concursos, etc. pensamos que ninguna de esas acciones puede reemplazar el encuentro directo de las y los visitantes con las obras de arte, esa experiencia \u00fanica que ofrece el Museo en el espacio natural y propio de sus salas. En ese entendimiento es que celebramos volver a recibir a los cientos de grupos de estudiantes de todos los niveles que han sido el sello distintivo de la gesti\u00f3n del Museo durante los \u00faltimos a\u00f1os&#8221; se\u00f1al\u00f3 Marcela Canalis, directora de la instituci\u00f3n.&nbsp;<\/p>\n\n\n\n<p>Para tal fin se han habilitado recorridos grupales que pueden realizarse solicitando turno previo y con cumplimiento de las medidas de cuidado sanitario aun vigentes.&nbsp;<\/p>\n\n\n\n<p>Las muestras que pueden recorrerse incluyen las Salas de la Colecci\u00f3n de Exhibici\u00f3n Permanente de Ces\u00e1reo Bernaldo de Quir\u00f3s y las exposiciones &#8220;Artistas Mujeres en la Colecci\u00f3n II&#8221; en las Salas Bicentenario de la Independencia y&nbsp; \u201cPatrimonio Humedal\u201d en Salas Centrales.<\/p>\n\n\n\n<p><strong>Los turnos deben solicitarse con antelaci\u00f3n de Martes a Viernes de 8 a 13 y de 15 a 20 llamando al 0343 4207868\/918 o personalmente en la sede del Museo: Buenos Aires 355 de la ciudad de Paran\u00e1.<\/strong><\/p>\n\n\n\n<p><strong>Museo Provincial de Bellas Artes &#8220;Dr. Pedro E. Mart\u00ednez&#8221;<\/strong><\/p>\n\n\n\n<p>Secretaria Cultura &#8211; Gobierno de Entre R\u00edos<\/p>\n\n\n\n<p>Buenos Aires 355 \u2013 Paran\u00e1<\/p>\n\n\n\n<p>343 4207868\/918<\/p>\n\n\n\n<p><a href=\"mailto:gestionbellasartes@gmail.com\" target=\"_blank\" rel=\"noreferrer noopener\">gestionbellasartes@gmail.com<\/a><\/p>\n\n\n\n<p>Facebook: MuseodeBellasArtes<br>Instagram: museobellasartes_er<\/p>\n","protected":false},"excerpt":{"rendered":"<p>A partir de la flexibilizaci\u00f3n\u00a0de las nuevas disposiciones en materia sanitaria el Museo Provincial de Bellas Artes \u201cDr. Pedro E. Mart\u00ednez\u201d dependiente de la Secretar\u00eda de Cultura del gobierno Entre R\u00edos retoma sus programa anual de visitas grupales. Los recorridos son gratuitos con reserva de turno previa y cumplimiento de protocolo Covid 19. La propuesta [&hellip;]<\/p>\n","protected":false},"author":5,"featured_media":4842,"comment_status":"open","ping_status":"open","sticky":false,"template":"","format":"standard","meta":{"_et_pb_use_builder":"off","_et_pb_old_content":"","_et_gb_content_width":"","footnotes":""},"categories":[28,9],"tags":[],"class_list":["post-4841","post","type-post","status-publish","format-standard","has-post-thumbnail","hentry","category-noticias","category-museo-bellas-artes"],"_links":{"self":[{"href":"https:\/\/www.entrerios.gov.ar\/cultura\/wp-json\/wp\/v2\/posts\/4841","targetHints":{"allow":["GET"]}}],"collection":[{"href":"https:\/\/www.entrerios.gov.ar\/cultura\/wp-json\/wp\/v2\/posts"}],"about":[{"href":"https:\/\/www.entrerios.gov.ar\/cultura\/wp-json\/wp\/v2\/types\/post"}],"author":[{"embeddable":true,"href":"https:\/\/www.entrerios.gov.ar\/cultura\/wp-json\/wp\/v2\/users\/5"}],"replies":[{"embeddable":true,"href":"https:\/\/www.entrerios.gov.ar\/cultura\/wp-json\/wp\/v2\/comments?post=4841"}],"version-history":[{"count":1,"href":"https:\/\/www.entrerios.gov.ar\/cultura\/wp-json\/wp\/v2\/posts\/4841\/revisions"}],"predecessor-version":[{"id":4843,"href":"https:\/\/www.entrerios.gov.ar\/cultura\/wp-json\/wp\/v2\/posts\/4841\/revisions\/4843"}],"wp:featuredmedia":[{"embeddable":true,"href":"https:\/\/www.entrerios.gov.ar\/cultura\/wp-json\/wp\/v2\/media\/4842"}],"wp:attachment":[{"href":"https:\/\/www.entrerios.gov.ar\/cultura\/wp-json\/wp\/v2\/media?parent=4841"}],"wp:term":[{"taxonomy":"category","embeddable":true,"href":"https:\/\/www.entrerios.gov.ar\/cultura\/wp-json\/wp\/v2\/categories?post=4841"},{"taxonomy":"post_tag","embeddable":true,"href":"https:\/\/www.entrerios.gov.ar\/cultura\/wp-json\/wp\/v2\/tags?post=4841"}],"curies":[{"name":"wp","href":"https:\/\/api.w.org\/{rel}","templated":true}]}}