{"id":4978,"date":"2021-10-29T11:27:28","date_gmt":"2021-10-29T11:27:28","guid":{"rendered":"https:\/\/www.entrerios.gov.ar\/cultura\/?p=4978"},"modified":"2021-10-29T11:27:30","modified_gmt":"2021-10-29T11:27:30","slug":"el-ciclo-imaginatelon-anuncia-funciones-gratuitas-en-los-barrios-98-viviendas-y-caritas","status":"publish","type":"post","link":"https:\/\/www.entrerios.gov.ar\/cultura\/el-ciclo-imaginatelon-anuncia-funciones-gratuitas-en-los-barrios-98-viviendas-y-caritas\/","title":{"rendered":"El ciclo ImaginaTel\u00f3n anuncia funciones gratuitas en los barrios 98 Viviendas y C\u00e1ritas"},"content":{"rendered":"\n<p><strong>El s\u00e1bado 6 y el domingo 7 de noviembre, el ciclo \u201cImaginaTel\u00f3n en la Casa\u201d contin\u00faa la recorrida por los barrios de Paran\u00e1 para brindar funciones en C\u00e1ritas y 98 Viviendas respectivamente. La actividad es gratuita, presencial y con protocolo sanitario.<\/strong><\/p>\n\n\n\n<p>La iniciativa se enmarca dentro del proyecto \u201cLa Casa Viaja\u201d que propone la salida de los equipamientos culturales p\u00fablicos al territorio, brindando los recursos para la producci\u00f3n, medios t\u00e9cnicos y una programaci\u00f3n variada para llegar a la comunidad en sus diversos entornos.<\/p>\n\n\n\n<p>S\u00e1bado 6 de noviembre, a las 17hs, en la Plaza vecinal Francisca \u00c1rias de Larramendi (B\u00b0 Caritas) se presentar\u00e1 \u201cRescatando a Margarita\u201d, del&nbsp; Grupo de Teatro y T\u00edteres Catima<\/p>\n\n\n\n<p>Por su parte, el Domingo 7 a las 18hs, en el Barrio 98 Viviendas habr\u00e1 un unipersonal payaso para toda la familia con \u201cGar\u00faa circo\u201d. Se trata de un espect\u00e1culo de malabares, historias y n\u00fameros participativos.&nbsp;<\/p>\n\n\n\n<p>Las actividades son gratuitas, con capacidad limitada, conforme protocolos vigentes.Se solicita&nbsp; acercarse con tu barbijo y reposeras.<\/p>\n\n\n\n<p>Invitan: Secretar\u00eda de Cultura de Entre R\u00edos, Casa de la Cultura de Entre R\u00edos; FEI (Festival de Espect\u00e1culos Infantiles).<\/p>\n","protected":false},"excerpt":{"rendered":"<p>El s\u00e1bado 6 y el domingo 7 de noviembre, el ciclo \u201cImaginaTel\u00f3n en la Casa\u201d contin\u00faa la recorrida por los barrios de Paran\u00e1 para brindar funciones en C\u00e1ritas y 98 Viviendas respectivamente. La actividad es gratuita, presencial y con protocolo sanitario. La iniciativa se enmarca dentro del proyecto \u201cLa Casa Viaja\u201d que propone la salida [&hellip;]<\/p>\n","protected":false},"author":5,"featured_media":4979,"comment_status":"open","ping_status":"open","sticky":false,"template":"","format":"standard","meta":{"_et_pb_use_builder":"off","_et_pb_old_content":"","_et_gb_content_width":"","footnotes":""},"categories":[28,19],"tags":[],"class_list":["post-4978","post","type-post","status-publish","format-standard","has-post-thumbnail","hentry","category-noticias","category-casa-de-la-cultura-de-er"],"_links":{"self":[{"href":"https:\/\/www.entrerios.gov.ar\/cultura\/wp-json\/wp\/v2\/posts\/4978","targetHints":{"allow":["GET"]}}],"collection":[{"href":"https:\/\/www.entrerios.gov.ar\/cultura\/wp-json\/wp\/v2\/posts"}],"about":[{"href":"https:\/\/www.entrerios.gov.ar\/cultura\/wp-json\/wp\/v2\/types\/post"}],"author":[{"embeddable":true,"href":"https:\/\/www.entrerios.gov.ar\/cultura\/wp-json\/wp\/v2\/users\/5"}],"replies":[{"embeddable":true,"href":"https:\/\/www.entrerios.gov.ar\/cultura\/wp-json\/wp\/v2\/comments?post=4978"}],"version-history":[{"count":1,"href":"https:\/\/www.entrerios.gov.ar\/cultura\/wp-json\/wp\/v2\/posts\/4978\/revisions"}],"predecessor-version":[{"id":4980,"href":"https:\/\/www.entrerios.gov.ar\/cultura\/wp-json\/wp\/v2\/posts\/4978\/revisions\/4980"}],"wp:featuredmedia":[{"embeddable":true,"href":"https:\/\/www.entrerios.gov.ar\/cultura\/wp-json\/wp\/v2\/media\/4979"}],"wp:attachment":[{"href":"https:\/\/www.entrerios.gov.ar\/cultura\/wp-json\/wp\/v2\/media?parent=4978"}],"wp:term":[{"taxonomy":"category","embeddable":true,"href":"https:\/\/www.entrerios.gov.ar\/cultura\/wp-json\/wp\/v2\/categories?post=4978"},{"taxonomy":"post_tag","embeddable":true,"href":"https:\/\/www.entrerios.gov.ar\/cultura\/wp-json\/wp\/v2\/tags?post=4978"}],"curies":[{"name":"wp","href":"https:\/\/api.w.org\/{rel}","templated":true}]}}