{"id":5029,"date":"2021-11-05T14:01:57","date_gmt":"2021-11-05T14:01:57","guid":{"rendered":"https:\/\/www.entrerios.gov.ar\/cultura\/?p=5029"},"modified":"2021-11-05T14:02:00","modified_gmt":"2021-11-05T14:02:00","slug":"el-lviii-salon-provincial-de-artes-visuales-de-entre-rios-ya-tiene-sus-obras-premiadas","status":"publish","type":"post","link":"https:\/\/www.entrerios.gov.ar\/cultura\/el-lviii-salon-provincial-de-artes-visuales-de-entre-rios-ya-tiene-sus-obras-premiadas\/","title":{"rendered":"El LVIII Sal\u00f3n Provincial de Artes Visuales de Entre R\u00edos ya tiene sus obras premiadas"},"content":{"rendered":"\n<p><strong>Sobre un total de 107 obras seleccionadas pertenecientes a 72 artistas de 21 localidades entrerrianas se otorgaron los Premios Adquisici\u00f3n y las menciones honor\u00edficas de la edici\u00f3n n\u00famero 58 del emblem\u00e1tico Sal\u00f3n Provincial de Artes Visuales de Entre R\u00edos convocado por la Secretar\u00eda de Cultura del Gobierno de Entre R\u00edos y organizado por el Museo Provincial de Bellas Artes \u201cPedro E. Mart\u00ednez\u201d.<\/strong><\/p>\n\n\n\n<p>El prestigioso jurado integrado por Mariela Herrera, Adriana Armando y Ra\u00fal Gonz\u00e1lez, luego de una larga jornada de trabajo presencial realizada el pasado Martes 2 de noviembre en la sede del Museo, distingui\u00f3 por unanimidad las piezas que a partir de esta instancia pasar\u00e1n a formar parte del valioso patrimonio art\u00edstico de la provincia a trav\u00e9s de los premios adquisici\u00f3n \u201cGobierno de Entre R\u00edos\u201d.<\/p>\n\n\n\n<p>Al respecto, en las consideraciones con las que la terna fundament\u00f3 sus decisiones se expres\u00f3 lo siguiente:&nbsp;<em>El Jurado considera que el car\u00e1cter de la premiaci\u00f3<\/em><em>n prioriz<\/em><em>\u00f3 el lenguaje especifico de las artes visuales en las disciplinas del Sal\u00f3n.&nbsp;<\/em><em>Como apreciaci\u00f3n general se tuvo presente el aporte que las obras premiadas har\u00e1n a la Colecci\u00f3n del Museo. En este conjunto se puso el acento en la contemporaneidad del planteo de la imagen y en la resoluci\u00f3n de los trabajos. El Jurado destaca en 2021 la primera convocatoria en Arte Textil que incluy\u00f3 un conjunto de obras importantes y variadas en esa disciplina. Ponderamos el trabajo de artistas de toda la provincia y la gesti\u00f3n p\u00fablica del Museo de apoyo al arte entrerriano.<\/em><\/p>\n\n\n\n<p>La n\u00f3mina completa de artistas, obras premiadas y menciones en las seis secciones es la siguiente:<\/p>\n\n\n\n<p><strong>SECCION PINTURA<\/strong><strong><\/strong><\/p>\n\n\n\n<p>Primer Premio Adquisici\u00f3n&nbsp;\u201cGobierno de Entre R\u00edos\u201d&nbsp;a Roberto Pastrana&nbsp;(Paran\u00e1) por su obra&nbsp;\u201cMateando en el antropoceno\u201d (t\u00e9cnica:&nbsp;\u00f3leo sobre madera).<\/p>\n\n\n\n<p>Segundo Premio Adquisici\u00f3n&nbsp;\u201cGobierno de Entre R\u00edos\u201d a Carla Brugo (Oro Verde) por el conjunto de obras&nbsp;\u201cCaleidoscopio\u201d y&nbsp;\u201cShhh\u201d (t\u00e9cnica: acr\u00edlico sobre bastidor).<\/p>\n\n\n\n<p>Menciones de honor:&nbsp; Gabriel Felipe Calabrese por el conjunto de obras&nbsp;\u201cPracticando en costanera\u201d y&nbsp;\u201cChamam\u00e9&nbsp;en la Isla\u201d (t\u00e9cnica mixta);&nbsp;Federico Juli\u00e1n Ma\u00edn por el conjunto de obras&nbsp;\u201cInterior I\u201d e&nbsp;\u201cInterior II\u201d (t\u00e9cnica: acr\u00edlico sobre papel); Karen Spahn por el conjunto de obras&nbsp;\u201c11 AM (Series longitudinales)\u201d y&nbsp;\u201c11 PM (Series longitudinales)\u201d (t\u00e9cnica: tempera sobre cart\u00f3n); Carla Agustina Botto por el conjunto de obras&nbsp;\u201cPartir\u201d y&nbsp;\u201cAprendizaje\u201d (t\u00e9cnica: acr\u00edlico); Florencia Sabattini por el Conjunto de obras&nbsp;\u201cEstados de bananos 1\u201d y&nbsp;\u201cEstados de bananos 2\u201d (t\u00e9cnica: acr\u00edlico sobre tela);&nbsp;Valentina Bolcatto por el&nbsp;conjunto de&nbsp;obras&nbsp;\u201cMomento difuso\u201d y&nbsp;\u201cSuspensi\u00f3n\u201d (t\u00e9cnica: acr\u00edlico sobre tela).<\/p>\n\n\n\n<p><strong>SECCION DIBUJ<\/strong><strong>O<\/strong><\/p>\n\n\n\n<p>Primer Premio Adquisici\u00f3n&nbsp;\u201cGobierno de Entre R\u00edos\u201d a Jer\u00f3nimo Reyes (Mar\u00eda Grande) al conjunto de obras&nbsp;\u201cExistencial\u201d y&nbsp;\u201cEl mundo patas para arriba\u201d (t\u00e9cnica: tinta acr\u00edlica sobre hardboard).<\/p>\n\n\n\n<p>Segundo Premio Adquisici\u00f3n&nbsp;\u201cGobierno de Entre R\u00edos\u201d&nbsp;a Lucila Sol\u00e9&nbsp;(Paran\u00e1) por su obra&nbsp;\u201cSecuencia I\u201d (t\u00e9cnica: tinta china sobre papel).<\/p>\n\n\n\n<p>Menciones de honor: Alberto Federico Bonus por su obra&nbsp;\u201cJoda en el Virus Rock\u201d (t\u00e9cnica: marcadores y biromes gel sobre cart\u00f3n); Maximiliano Francisco Crespo por su obra&nbsp;\u201cD\u00e9balo\u201d&nbsp;&nbsp; (t\u00e9cnica: tinta china).<\/p>\n\n\n\n<p><strong>SECCION GRABADO<\/strong><strong><\/strong><\/p>\n\n\n\n<p>Primer Premio Adquisici\u00f3n&nbsp;\u201cGobierno de Entre R\u00edos\u201d a Hern\u00e1n Guerrero (Paran\u00e1) al conjunto de obras&nbsp;\u201cCrudo I\u201d y&nbsp;\u201cCrudo II\u201d (t\u00e9cnica: tipos m\u00f3viles sobre cuero curtido).<\/p>\n\n\n\n<p>Segundo Premio Adquisici\u00f3n&nbsp;\u201cGobierno de Entre R\u00edos\u201d&nbsp;a Marianela M\u00fcller&nbsp;(Chajar\u00ed) por su obra&nbsp;\u201cContra \u00c1ngulos. De la serie&nbsp;\u201cOtra arquitectura\u201d (t\u00e9cnica: camafeo tallado en lin\u00f3leo\u201d.<\/p>\n\n\n\n<p>Menciones de honor: Mar\u00eda Lorena Ledesma por el conjunto de obras&nbsp;\u201cVetas gr\u00e1ficas-\u201cIdentidad\u201d y&nbsp;\u201cEstratos gr\u00e1ficos-\u201cIgualdad\u201d (t\u00e9cnica: xilograf\u00eda, tipos m\u00f3viles); Leticia R\u00edos por el Conjunto de obras&nbsp;\u201cHibrido\u201d (t\u00e9cnica: mixta&nbsp;-xilograf\u00eda, tipograf\u00eda, chinecol\u00e9, litograf\u00eda, troquelado-) y&nbsp;\u201cHumedal\u201d (t\u00e9cnica: mixta&nbsp;-xilograf\u00eda, tipograf\u00eda, agua fuerte y chinecol\u00e9-).<\/p>\n\n\n\n<p><strong>SECCION ESCULTURA<\/strong><strong><\/strong><\/p>\n\n\n\n<p>Primer Premio Adquisici\u00f3n&nbsp;\u201cGobierno de Entre R\u00edos\u201d a Laura Zelaya (Col\u00f3n) por su obra&nbsp;\u201cEl Artilugio (Serie Enga\u00f1os)\u201d (t\u00e9cnica: madera, talla, pintura acr\u00edlica. Escultura con movimiento).<\/p>\n\n\n\n<p>Segundo Premio Adquisici\u00f3n&nbsp;\u201cGobierno de Entre R\u00edos\u201d: declarado&nbsp;desierto.<\/p>\n\n\n\n<p>Menciones de honor:&nbsp;Ram\u00f3n H\u00e9ctor Godoy por su obra&nbsp;\u201cPreguntale\u201d (t\u00e9cnica: esqueletada con fibras vegetales -mimbre-). Liliana Teresa Del Carmen Pedrotti por su obra&nbsp;\u201cMe atravesaba\u2026\u201d (t\u00e9cnica: talla, ensamble, tres bloques).<\/p>\n\n\n\n<p><strong>SECCION ARTE CER<\/strong><strong>\u00c1MICO<\/strong><\/p>\n\n\n\n<p>Primer Premio Adquisici\u00f3n&nbsp;\u201cGobierno de Entre R\u00edos\u201d a Marisa N\u00fa\u00f1ez Caminos (Victoria) por su obra&nbsp;\u201cCuando el r\u00edo quema\u201d (t\u00e9cnica: pasta adobe modificada).<\/p>\n\n\n\n<p>Segundo Premio Adquisici\u00f3n&nbsp;\u201cGobierno de Entre R\u00edos\u201d&nbsp;a Eleonora Pagotto&nbsp;(Paran\u00e1) por su obra&nbsp;\u201cViral\u201d (t\u00e9cnica: modelado).<\/p>\n\n\n\n<p>Menci\u00f3n de honor: Susana Raquel Zapata por su obra&nbsp;\u201cM\u00f3rbidas\u201d (t\u00e9cnica: cer\u00e1mica, pasta modificada, esmalte a soplete).<\/p>\n\n\n\n<p><strong>SECCION ARTE TEXTIL<\/strong><strong><\/strong><\/p>\n\n\n\n<p>Primer Premio Adquisici\u00f3n&nbsp;\u201cGobierno de Entre R\u00edos\u201d&nbsp;&nbsp;a Karen Spahn&nbsp;(Paran\u00e1) por su obra&nbsp;\u201cS\/T\u201d (t\u00e9cnica: lienzo te\u00f1ido, shibori, itajime sobre bastidor).<\/p>\n\n\n\n<p>Segundo Premio Adquisici\u00f3n&nbsp;\u201cGobierno de Entre R\u00edos\u201d a&nbsp; Noelia Noem\u00ed&nbsp;Fries&nbsp;(Villa Urquiza) por su obra&nbsp;\u201cPeque\u00f1as gotas de amor\u201d (t\u00e9cnica: collage, textiles&nbsp;-telas, hilos, mostacillas, cintas y botones-).<\/p>\n\n\n\n<p>Menciones de honor: Mar\u00eda Alejandra Asensio por su obra&nbsp;\u201cLa dualidad se desvanece\u201d (t\u00e9cnica: telar, tramas discontinuas, wraping).&nbsp;Ludmila Beker por el conjunto de obras&nbsp;\u201cSe me revuelven las tripas\u201d (t\u00e9cnica: collage textil, perlas y crochet) y&nbsp;\u201cAl santo bot\u00f3n\u201d (t\u00e9cnica: collage textil, crochet, mostacillas y botones). Julia Acosta por su obra&nbsp;\u201cTu voz\u201d (t\u00e9cnica: collage textil y bordado).<\/p>\n\n\n\n<p>La entrega de premios e inauguraci\u00f3n presencial de la muestra que reunir\u00e1 un total de 107 obras de artistas de todo el territorio provincial est\u00e1 prevista para el Viernes 26 de noviembre a partir de las 20 en la sede del Museo Provincial de Bellas Artes Dr. Pedro E. Mart\u00ednez con acceso libre y gratuito y cumplimiento de protocolo sanitario.<\/p>\n\n\n\n<p>Prensa&nbsp;<strong>Museo Provincial de Bellas Artes &#8220;Dr. Pedro E. Mart\u00ednez&#8221;<\/strong><\/p>\n\n\n\n<p>Secretar\u00eda de&nbsp;Cultura&nbsp;\/ Gobierno de Entre R\u00edos<br><a href=\"mailto:gestionbellasartes@gmail.com\" target=\"_blank\" rel=\"noreferrer noopener\">gestionbellasartes@gmail.com<\/a><\/p>\n","protected":false},"excerpt":{"rendered":"<p>Sobre un total de 107 obras seleccionadas pertenecientes a 72 artistas de 21 localidades entrerrianas se otorgaron los Premios Adquisici\u00f3n y las menciones honor\u00edficas de la edici\u00f3n n\u00famero 58 del emblem\u00e1tico Sal\u00f3n Provincial de Artes Visuales de Entre R\u00edos convocado por la Secretar\u00eda de Cultura del Gobierno de Entre R\u00edos y organizado por el Museo [&hellip;]<\/p>\n","protected":false},"author":5,"featured_media":5030,"comment_status":"open","ping_status":"open","sticky":false,"template":"","format":"standard","meta":{"_et_pb_use_builder":"off","_et_pb_old_content":"","_et_gb_content_width":"","footnotes":""},"categories":[28,58,9],"tags":[],"class_list":["post-5029","post","type-post","status-publish","format-standard","has-post-thumbnail","hentry","category-noticias","category-concursos-cerrados","category-museo-bellas-artes"],"_links":{"self":[{"href":"https:\/\/www.entrerios.gov.ar\/cultura\/wp-json\/wp\/v2\/posts\/5029","targetHints":{"allow":["GET"]}}],"collection":[{"href":"https:\/\/www.entrerios.gov.ar\/cultura\/wp-json\/wp\/v2\/posts"}],"about":[{"href":"https:\/\/www.entrerios.gov.ar\/cultura\/wp-json\/wp\/v2\/types\/post"}],"author":[{"embeddable":true,"href":"https:\/\/www.entrerios.gov.ar\/cultura\/wp-json\/wp\/v2\/users\/5"}],"replies":[{"embeddable":true,"href":"https:\/\/www.entrerios.gov.ar\/cultura\/wp-json\/wp\/v2\/comments?post=5029"}],"version-history":[{"count":1,"href":"https:\/\/www.entrerios.gov.ar\/cultura\/wp-json\/wp\/v2\/posts\/5029\/revisions"}],"predecessor-version":[{"id":5031,"href":"https:\/\/www.entrerios.gov.ar\/cultura\/wp-json\/wp\/v2\/posts\/5029\/revisions\/5031"}],"wp:featuredmedia":[{"embeddable":true,"href":"https:\/\/www.entrerios.gov.ar\/cultura\/wp-json\/wp\/v2\/media\/5030"}],"wp:attachment":[{"href":"https:\/\/www.entrerios.gov.ar\/cultura\/wp-json\/wp\/v2\/media?parent=5029"}],"wp:term":[{"taxonomy":"category","embeddable":true,"href":"https:\/\/www.entrerios.gov.ar\/cultura\/wp-json\/wp\/v2\/categories?post=5029"},{"taxonomy":"post_tag","embeddable":true,"href":"https:\/\/www.entrerios.gov.ar\/cultura\/wp-json\/wp\/v2\/tags?post=5029"}],"curies":[{"name":"wp","href":"https:\/\/api.w.org\/{rel}","templated":true}]}}