{"id":5063,"date":"2021-11-10T12:50:00","date_gmt":"2021-11-10T12:50:00","guid":{"rendered":"https:\/\/www.entrerios.gov.ar\/cultura\/?p=5063"},"modified":"2021-11-10T12:50:03","modified_gmt":"2021-11-10T12:50:03","slug":"casa-de-la-cultura-de-entre-rios-invita-al-encuentro-murgandemia","status":"publish","type":"post","link":"https:\/\/www.entrerios.gov.ar\/cultura\/casa-de-la-cultura-de-entre-rios-invita-al-encuentro-murgandemia\/","title":{"rendered":"Casa de la Cultura de Entre R\u00edos invita al encuentro Murgandemia"},"content":{"rendered":"\n<p><strong>Durante dos jueves consecutivos, la Casa de la Cultura de Entre R\u00edos organismo dependiente de la Secretar\u00eda de Cultura de Entre R\u00edos invita a celebrar el esp\u00edritu murguero en el marco del ciclo Murgandemia. El ciclo ser\u00e1 con entrada libre y gratuita.<\/strong>\u00a0<\/p>\n\n\n\n<p>Participar\u00e1n las agrupaciones La Mal Parida, Falta Tu Suegra, Los Runruneros de la Orilla y La de Bolsillo.&nbsp;<\/p>\n\n\n\n<p>El jueves 11 de noviembre, a las 20 hs abrir\u00e1n el ciclo las murgas La Mal Parida y Falta Tu suegra; en tanto, el jueves 18 ser\u00e1 el turno de Los Runruneros de la Orilla y La de Bolsillo.<\/p>\n\n\n\n<p>La propuesta es una iniciativa de la Casa de la Cultura de Entre R\u00edos. Ser\u00e1 con entrada libre y gratuita; habr\u00e1 servicio de cantina y proyecciones.&nbsp;<\/p>\n","protected":false},"excerpt":{"rendered":"<p>Durante dos jueves consecutivos, la Casa de la Cultura de Entre R\u00edos organismo dependiente de la Secretar\u00eda de Cultura de Entre R\u00edos invita a celebrar el esp\u00edritu murguero en el marco del ciclo Murgandemia. El ciclo ser\u00e1 con entrada libre y gratuita.\u00a0 Participar\u00e1n las agrupaciones La Mal Parida, Falta Tu Suegra, Los Runruneros de la [&hellip;]<\/p>\n","protected":false},"author":5,"featured_media":5064,"comment_status":"open","ping_status":"open","sticky":false,"template":"","format":"standard","meta":{"_et_pb_use_builder":"off","_et_pb_old_content":"","_et_gb_content_width":"","footnotes":""},"categories":[28,19],"tags":[],"class_list":["post-5063","post","type-post","status-publish","format-standard","has-post-thumbnail","hentry","category-noticias","category-casa-de-la-cultura-de-er"],"_links":{"self":[{"href":"https:\/\/www.entrerios.gov.ar\/cultura\/wp-json\/wp\/v2\/posts\/5063","targetHints":{"allow":["GET"]}}],"collection":[{"href":"https:\/\/www.entrerios.gov.ar\/cultura\/wp-json\/wp\/v2\/posts"}],"about":[{"href":"https:\/\/www.entrerios.gov.ar\/cultura\/wp-json\/wp\/v2\/types\/post"}],"author":[{"embeddable":true,"href":"https:\/\/www.entrerios.gov.ar\/cultura\/wp-json\/wp\/v2\/users\/5"}],"replies":[{"embeddable":true,"href":"https:\/\/www.entrerios.gov.ar\/cultura\/wp-json\/wp\/v2\/comments?post=5063"}],"version-history":[{"count":1,"href":"https:\/\/www.entrerios.gov.ar\/cultura\/wp-json\/wp\/v2\/posts\/5063\/revisions"}],"predecessor-version":[{"id":5065,"href":"https:\/\/www.entrerios.gov.ar\/cultura\/wp-json\/wp\/v2\/posts\/5063\/revisions\/5065"}],"wp:featuredmedia":[{"embeddable":true,"href":"https:\/\/www.entrerios.gov.ar\/cultura\/wp-json\/wp\/v2\/media\/5064"}],"wp:attachment":[{"href":"https:\/\/www.entrerios.gov.ar\/cultura\/wp-json\/wp\/v2\/media?parent=5063"}],"wp:term":[{"taxonomy":"category","embeddable":true,"href":"https:\/\/www.entrerios.gov.ar\/cultura\/wp-json\/wp\/v2\/categories?post=5063"},{"taxonomy":"post_tag","embeddable":true,"href":"https:\/\/www.entrerios.gov.ar\/cultura\/wp-json\/wp\/v2\/tags?post=5063"}],"curies":[{"name":"wp","href":"https:\/\/api.w.org\/{rel}","templated":true}]}}