{"id":5081,"date":"2021-11-14T22:48:41","date_gmt":"2021-11-14T22:48:41","guid":{"rendered":"https:\/\/www.entrerios.gov.ar\/cultura\/?p=5081"},"modified":"2021-11-14T22:48:44","modified_gmt":"2021-11-14T22:48:44","slug":"mi-barrio-en-fotos-invitan-a-una-jornada-abierta-de-narrativa-fotografica-en-bajada-grande","status":"publish","type":"post","link":"https:\/\/www.entrerios.gov.ar\/cultura\/mi-barrio-en-fotos-invitan-a-una-jornada-abierta-de-narrativa-fotografica-en-bajada-grande\/","title":{"rendered":"Mi Barrio en Fotos: invitan a una jornada abierta de narrativa fotogr\u00e1fica en Bajada Grande"},"content":{"rendered":"\n<p><strong>El martes 16 de noviembre, el Centro Experimental de Fotograf\u00eda de Entre R\u00edos (CEFER), invita a participar de una jornada abierta del taller \u201cMi Barrio en Fotos\u201d, destinada al trabajo de recopilaci\u00f3n, construcci\u00f3n y divulgaci\u00f3n de historias fotogr\u00e1ficas de la comunidad de Bajada Grande.\u00a0<\/strong><\/p>\n\n\n\n<p>La propuesta es a partir de las 17hs en los miradores de Bajada Grande. La actividad ser\u00e1 al aire libre y gratuita.&nbsp;<\/p>\n\n\n\n<p>El taller de narrativa fotogr\u00e1fica plantea un recorrido pr\u00e1ctico y acompa\u00f1ado en la construcci\u00f3n colectiva de relatos escritos y orales, mediante fotograf\u00edas impresas o digitales que a su vez pueda conjugar la b\u00fasqueda creativa en la narrativa de una historia que cuenta las particularidades del barrio Bajada Grande.&nbsp;<\/p>\n\n\n\n<p>Materiales: Fotograf\u00edas impresas o digitales tomadas en el barrio Bajada Grande (antiguas y actuales), papel y lapicera. Para inscripciones ingresar a: <a href=\"https:\/\/docs.google.com\/forms\/d\/e\/1FAIpQLSet8mjN1CJfe9rxV_IF7IZc8lstrtKFo_GRpvKYF8t0-Jx7ig\/viewform\" target=\"_blank\" rel=\"noreferrer noopener\">https:\/\/docs.google.com\/forms\/d\/e\/1FAIpQLSet8mjN1CJfe9rxV_IF7IZc8lstrtKFo_GRpvKYF8t0-Jx7ig\/viewform<\/a><\/p>\n\n\n\n<p>Cabe destacar que el taller \u201cMi barrio en fotos\u201d forma parte de un conjunto de actividades nucleadas bajo el proyecto \u201cMemoria Viva\u201d impulsado por la Facultad de Trabajo Social (UNER).<\/p>\n\n\n\n<p>El Centro Experimental de Fotograf\u00eda de Entre R\u00edos (CEFER), est\u00e1 ubicado en el 2do piso de la Casa de la Cultura de Entre R\u00edos, en la ciudad de Paran\u00e1.&nbsp;<\/p>\n","protected":false},"excerpt":{"rendered":"<p>El martes 16 de noviembre, el Centro Experimental de Fotograf\u00eda de Entre R\u00edos (CEFER), invita a participar de una jornada abierta del taller \u201cMi Barrio en Fotos\u201d, destinada al trabajo de recopilaci\u00f3n, construcci\u00f3n y divulgaci\u00f3n de historias fotogr\u00e1ficas de la comunidad de Bajada Grande.\u00a0 La propuesta es a partir de las 17hs en los miradores [&hellip;]<\/p>\n","protected":false},"author":5,"featured_media":5082,"comment_status":"open","ping_status":"open","sticky":false,"template":"","format":"standard","meta":{"_et_pb_use_builder":"off","_et_pb_old_content":"","_et_gb_content_width":"","footnotes":""},"categories":[28,19],"tags":[],"class_list":["post-5081","post","type-post","status-publish","format-standard","has-post-thumbnail","hentry","category-noticias","category-casa-de-la-cultura-de-er"],"_links":{"self":[{"href":"https:\/\/www.entrerios.gov.ar\/cultura\/wp-json\/wp\/v2\/posts\/5081","targetHints":{"allow":["GET"]}}],"collection":[{"href":"https:\/\/www.entrerios.gov.ar\/cultura\/wp-json\/wp\/v2\/posts"}],"about":[{"href":"https:\/\/www.entrerios.gov.ar\/cultura\/wp-json\/wp\/v2\/types\/post"}],"author":[{"embeddable":true,"href":"https:\/\/www.entrerios.gov.ar\/cultura\/wp-json\/wp\/v2\/users\/5"}],"replies":[{"embeddable":true,"href":"https:\/\/www.entrerios.gov.ar\/cultura\/wp-json\/wp\/v2\/comments?post=5081"}],"version-history":[{"count":1,"href":"https:\/\/www.entrerios.gov.ar\/cultura\/wp-json\/wp\/v2\/posts\/5081\/revisions"}],"predecessor-version":[{"id":5083,"href":"https:\/\/www.entrerios.gov.ar\/cultura\/wp-json\/wp\/v2\/posts\/5081\/revisions\/5083"}],"wp:featuredmedia":[{"embeddable":true,"href":"https:\/\/www.entrerios.gov.ar\/cultura\/wp-json\/wp\/v2\/media\/5082"}],"wp:attachment":[{"href":"https:\/\/www.entrerios.gov.ar\/cultura\/wp-json\/wp\/v2\/media?parent=5081"}],"wp:term":[{"taxonomy":"category","embeddable":true,"href":"https:\/\/www.entrerios.gov.ar\/cultura\/wp-json\/wp\/v2\/categories?post=5081"},{"taxonomy":"post_tag","embeddable":true,"href":"https:\/\/www.entrerios.gov.ar\/cultura\/wp-json\/wp\/v2\/tags?post=5081"}],"curies":[{"name":"wp","href":"https:\/\/api.w.org\/{rel}","templated":true}]}}