{"id":5229,"date":"2021-12-13T12:45:29","date_gmt":"2021-12-13T12:45:29","guid":{"rendered":"https:\/\/www.entrerios.gov.ar\/cultura\/?p=5229"},"modified":"2021-12-13T12:45:31","modified_gmt":"2021-12-13T12:45:31","slug":"doble-horizonte-invita-a-un-festejo-de-cierre-de-ciclo-en-la-casa-de-la-cultura-de-entre-rios","status":"publish","type":"post","link":"https:\/\/www.entrerios.gov.ar\/cultura\/doble-horizonte-invita-a-un-festejo-de-cierre-de-ciclo-en-la-casa-de-la-cultura-de-entre-rios\/","title":{"rendered":"Doble Horizonte invita a un festejo de cierre de ciclo en la Casa de la Cultura de Entre R\u00edos"},"content":{"rendered":"\n<p>La propuesta que reuni\u00f3&nbsp; a m\u00e1s de 80 artistas de toda la provincia invita a festejar el cierre del ciclo con un encuentro abierto al p\u00fablico que se llevar\u00e1 a cabo en Casa de la Cultura el s\u00e1bado 18 de diciembre.<\/p>\n\n\n\n<p>Durante la actividad estar\u00e1n presentes las y los artistas que participaron del ciclo; tambi\u00e9n se podr\u00e1 recorrer La Ochava de la Casa donde estar\u00e1n montadas las obras que fueron parte de Doble Horizonte a lo largo de dos a\u00f1os ininterrumpidos. Asimismo, la m\u00fasica tendr\u00e1 un lugar especial, con un espacio sonoro para disfrutar de las canciones y m\u00fasicas que formaron parte del evento.&nbsp;<\/p>\n\n\n\n<p>La jornada arrancar\u00e1 a las 21.30. Habr\u00e1 recital a cargo de Ale Maldonado en visuales y Mantis Atea en m\u00fasica. Luego musicalizar\u00e1 la noche el DJ Juli\u00e1n Placebo.&nbsp;<\/p>\n\n\n\n<p>Habr\u00e1 cantina y patio gastron\u00f3mico. Actividad libre y gratuita.<\/p>\n","protected":false},"excerpt":{"rendered":"<p>La propuesta que reuni\u00f3&nbsp; a m\u00e1s de 80 artistas de toda la provincia invita a festejar el cierre del ciclo con un encuentro abierto al p\u00fablico que se llevar\u00e1 a cabo en Casa de la Cultura el s\u00e1bado 18 de diciembre. Durante la actividad estar\u00e1n presentes las y los artistas que participaron del ciclo; tambi\u00e9n [&hellip;]<\/p>\n","protected":false},"author":5,"featured_media":5230,"comment_status":"open","ping_status":"open","sticky":false,"template":"","format":"standard","meta":{"_et_pb_use_builder":"off","_et_pb_old_content":"","_et_gb_content_width":"","footnotes":""},"categories":[28,19],"tags":[],"class_list":["post-5229","post","type-post","status-publish","format-standard","has-post-thumbnail","hentry","category-noticias","category-casa-de-la-cultura-de-er"],"_links":{"self":[{"href":"https:\/\/www.entrerios.gov.ar\/cultura\/wp-json\/wp\/v2\/posts\/5229","targetHints":{"allow":["GET"]}}],"collection":[{"href":"https:\/\/www.entrerios.gov.ar\/cultura\/wp-json\/wp\/v2\/posts"}],"about":[{"href":"https:\/\/www.entrerios.gov.ar\/cultura\/wp-json\/wp\/v2\/types\/post"}],"author":[{"embeddable":true,"href":"https:\/\/www.entrerios.gov.ar\/cultura\/wp-json\/wp\/v2\/users\/5"}],"replies":[{"embeddable":true,"href":"https:\/\/www.entrerios.gov.ar\/cultura\/wp-json\/wp\/v2\/comments?post=5229"}],"version-history":[{"count":1,"href":"https:\/\/www.entrerios.gov.ar\/cultura\/wp-json\/wp\/v2\/posts\/5229\/revisions"}],"predecessor-version":[{"id":5231,"href":"https:\/\/www.entrerios.gov.ar\/cultura\/wp-json\/wp\/v2\/posts\/5229\/revisions\/5231"}],"wp:featuredmedia":[{"embeddable":true,"href":"https:\/\/www.entrerios.gov.ar\/cultura\/wp-json\/wp\/v2\/media\/5230"}],"wp:attachment":[{"href":"https:\/\/www.entrerios.gov.ar\/cultura\/wp-json\/wp\/v2\/media?parent=5229"}],"wp:term":[{"taxonomy":"category","embeddable":true,"href":"https:\/\/www.entrerios.gov.ar\/cultura\/wp-json\/wp\/v2\/categories?post=5229"},{"taxonomy":"post_tag","embeddable":true,"href":"https:\/\/www.entrerios.gov.ar\/cultura\/wp-json\/wp\/v2\/tags?post=5229"}],"curies":[{"name":"wp","href":"https:\/\/api.w.org\/{rel}","templated":true}]}}