{"id":5275,"date":"2021-12-27T23:10:36","date_gmt":"2021-12-27T23:10:36","guid":{"rendered":"https:\/\/www.entrerios.gov.ar\/cultura\/?p=5275"},"modified":"2021-12-27T23:10:39","modified_gmt":"2021-12-27T23:10:39","slug":"se-inauguro-la-muestra-fotografica-memoria-viva-en-bajada-grande","status":"publish","type":"post","link":"https:\/\/www.entrerios.gov.ar\/cultura\/se-inauguro-la-muestra-fotografica-memoria-viva-en-bajada-grande\/","title":{"rendered":"Se inaugur\u00f3 la muestra fotogr\u00e1fica \u201cMemoria Viva\u201d en Bajada Grande"},"content":{"rendered":"\n<p><strong>Este martes se inaugur\u00f3 la muestra \u201cMemoria Viva\u201d en el Centro Regional de Referencia \u201cDr. Gerardo Domagk\u201d, ubicado en el barrio Bajada Grande, de Paran\u00e1.<\/strong><\/p>\n\n\n\n<p><\/p>\n\n\n\n<p>La muestra es una iniciativa del Centro Experimental de Fotograf\u00edas de Entre R\u00edos (CEFER) -un proyecto de la Secretar\u00eda de Cultura de Entre R\u00edos-, y la Facultad de Trabajo Social (UNER).<\/p>\n\n\n\n<p>La exhibici\u00f3n permanente de fotograf\u00edas relacionadas al barrio Bajada Grande y su comunidad, se enmarca en la etapa inicial de una l\u00ednea de trabajo conjunta que vienen llevando adelante el Centro Experimental de Fotograf\u00edas de Entre R\u00edos y el \u00c1rea de Cultura de la Facultad de Trabajo Social de la Universidad Nacional de Entre R\u00edos.<\/p>\n\n\n\n<p>El proyecto tiene como finalidad indagar y reconstruir las memorias colectivas del primer asentamiento de la ciudad de Paran\u00e1 como lo es el barrio Bajada Grande, impulsando la participaci\u00f3n y apropiaci\u00f3n de la comunidad. Para esto, se convoc\u00f3 a vecinas y vecinos que tengan el inter\u00e9s de compartir y transmitir sus archivos familiares, costumbres y pr\u00e1cticas culturales propias, en pos de dise\u00f1ar y producir material visual de manera colectiva que resignifique y ponga en valor la memoria barrial y local. Del mismo modo, se llev\u00f3 adelante una jornada de producci\u00f3n fotogr\u00e1fica y construcci\u00f3n de narrativas visuales en los miradores del camping de Bajada Grande, donde asistieron adolescentes y adultos\/as de distintos puntos de la ciudad de Paran\u00e1.<\/p>\n\n\n\n<p>Construir narraciones colectivas constituye un aporte a la democratizaci\u00f3n de la cultura en tanto testimonio de una historia viva. Recuperar las distintas voces de una misma comunidad que comparten un espacio f\u00edsico, es revalorizar la experiencia colectiva y el llamado \u201cespacio habitado\u201d por la geograf\u00eda cultural, siendo en s\u00ed mismo un ejercicio de memoria y compromiso con el tiempo hist\u00f3rico que se vive, en miras de posibles futuros.<\/p>\n","protected":false},"excerpt":{"rendered":"<p>Este martes se inaugur\u00f3 la muestra \u201cMemoria Viva\u201d en el Centro Regional de Referencia \u201cDr. Gerardo Domagk\u201d, ubicado en el barrio Bajada Grande, de Paran\u00e1. La muestra es una iniciativa del Centro Experimental de Fotograf\u00edas de Entre R\u00edos (CEFER) -un proyecto de la Secretar\u00eda de Cultura de Entre R\u00edos-, y la Facultad de Trabajo Social [&hellip;]<\/p>\n","protected":false},"author":2,"featured_media":5276,"comment_status":"open","ping_status":"open","sticky":false,"template":"","format":"standard","meta":{"_et_pb_use_builder":"off","_et_pb_old_content":"","_et_gb_content_width":"","footnotes":""},"categories":[28,19],"tags":[],"class_list":["post-5275","post","type-post","status-publish","format-standard","has-post-thumbnail","hentry","category-noticias","category-casa-de-la-cultura-de-er"],"_links":{"self":[{"href":"https:\/\/www.entrerios.gov.ar\/cultura\/wp-json\/wp\/v2\/posts\/5275","targetHints":{"allow":["GET"]}}],"collection":[{"href":"https:\/\/www.entrerios.gov.ar\/cultura\/wp-json\/wp\/v2\/posts"}],"about":[{"href":"https:\/\/www.entrerios.gov.ar\/cultura\/wp-json\/wp\/v2\/types\/post"}],"author":[{"embeddable":true,"href":"https:\/\/www.entrerios.gov.ar\/cultura\/wp-json\/wp\/v2\/users\/2"}],"replies":[{"embeddable":true,"href":"https:\/\/www.entrerios.gov.ar\/cultura\/wp-json\/wp\/v2\/comments?post=5275"}],"version-history":[{"count":1,"href":"https:\/\/www.entrerios.gov.ar\/cultura\/wp-json\/wp\/v2\/posts\/5275\/revisions"}],"predecessor-version":[{"id":5277,"href":"https:\/\/www.entrerios.gov.ar\/cultura\/wp-json\/wp\/v2\/posts\/5275\/revisions\/5277"}],"wp:featuredmedia":[{"embeddable":true,"href":"https:\/\/www.entrerios.gov.ar\/cultura\/wp-json\/wp\/v2\/media\/5276"}],"wp:attachment":[{"href":"https:\/\/www.entrerios.gov.ar\/cultura\/wp-json\/wp\/v2\/media?parent=5275"}],"wp:term":[{"taxonomy":"category","embeddable":true,"href":"https:\/\/www.entrerios.gov.ar\/cultura\/wp-json\/wp\/v2\/categories?post=5275"},{"taxonomy":"post_tag","embeddable":true,"href":"https:\/\/www.entrerios.gov.ar\/cultura\/wp-json\/wp\/v2\/tags?post=5275"}],"curies":[{"name":"wp","href":"https:\/\/api.w.org\/{rel}","templated":true}]}}