{"id":5333,"date":"2022-02-02T14:47:02","date_gmt":"2022-02-02T14:47:02","guid":{"rendered":"https:\/\/www.entrerios.gov.ar\/cultura\/?p=5333"},"modified":"2022-02-02T14:47:04","modified_gmt":"2022-02-02T14:47:04","slug":"se-realizara-una-nueva-edicion-de-casa-feria-en-la-casa-de-la-cultura-de-entre-rios","status":"publish","type":"post","link":"https:\/\/www.entrerios.gov.ar\/cultura\/se-realizara-una-nueva-edicion-de-casa-feria-en-la-casa-de-la-cultura-de-entre-rios\/","title":{"rendered":"Se realizar\u00e1 una nueva edici\u00f3n de CASA FERIA en la Casa de la Cultura de Entre R\u00edos"},"content":{"rendered":"\n<p>La Feria correspondiente a enero, que tuvo que ser suspendida por lluvia, se reprogram\u00f3 para el 5 de febrero pr\u00f3ximo. En esta nueva oportunidad la Feria contar\u00e1 con horario extendido hasta las 23hs. Habr\u00e1 feriantes invitados, m\u00fasica en vivo, actividades para infancias y punto verde.<\/p>\n\n\n\n<p>En Casa Feria se pueden adquirir alimentos agroecol\u00f3gicos, de cosm\u00e9tica natural, productos sustentables, artesan\u00edas, plantas, juegos de madera, tejidos, pinturas, mates, cer\u00e1mica, mu\u00f1ecos, indumentaria, libros, y mucho m\u00e1s.<\/p>\n\n\n\n<p>Habr\u00e1 venta de comidas, con opciones veganas y sin TACC, bebidas y cerveza artesanal para consumir mientras se disfruta el paseo por la Feria.<\/p>\n\n\n\n<p>Acompa\u00f1ar\u00e1&nbsp;el colectivo de Recicladores del Paran\u00e1 con el PUNTO VERDE. All\u00ed se recibir\u00e1n pl\u00e1sticos, botellas, papel, cart\u00f3n, latas de aluminio, telgopor, bolsas, separados, limpios y secos, para ser reciclados.<\/p>\n\n\n\n<p><strong>Grilla<\/strong><\/p>\n\n\n\n<p><strong>18 hs \u2013 Apertura de Feria<\/strong><\/p>\n\n\n\n<p><strong>19hs &#8211;<\/strong>&nbsp;Actividad para infancias:&nbsp;<strong>\u201cAventuras del Capit\u00e1n Pier Zubiet\u201d<\/strong>&nbsp;(t\u00edteres). Grupo: Patatas Patas. Direcci\u00f3n: Silvina Fontelles.<\/p>\n\n\n\n<p><strong>21:30 hs &#8211;<\/strong>&nbsp;M\u00fasica en vivo:&nbsp;<strong>Kumanda + invitades<\/strong>&nbsp;(tr\u00edo de candombe y canciones del Uruguay)<\/p>\n\n\n\n<p>Habr\u00e1 espacio de juego libre en el patio de la Casa.<\/p>\n\n\n\n<p>Se solicita asistir con barbijo y bolsa reutilizable.\u00c1rea de archivos adjuntos<\/p>\n","protected":false},"excerpt":{"rendered":"<p>La Feria correspondiente a enero, que tuvo que ser suspendida por lluvia, se reprogram\u00f3 para el 5 de febrero pr\u00f3ximo. En esta nueva oportunidad la Feria contar\u00e1 con horario extendido hasta las 23hs. Habr\u00e1 feriantes invitados, m\u00fasica en vivo, actividades para infancias y punto verde. En Casa Feria se pueden adquirir alimentos agroecol\u00f3gicos, de cosm\u00e9tica [&hellip;]<\/p>\n","protected":false},"author":5,"featured_media":5334,"comment_status":"open","ping_status":"open","sticky":false,"template":"","format":"standard","meta":{"_et_pb_use_builder":"","_et_pb_old_content":"","_et_gb_content_width":"","footnotes":""},"categories":[28,19],"tags":[],"class_list":["post-5333","post","type-post","status-publish","format-standard","has-post-thumbnail","hentry","category-noticias","category-casa-de-la-cultura-de-er"],"_links":{"self":[{"href":"https:\/\/www.entrerios.gov.ar\/cultura\/wp-json\/wp\/v2\/posts\/5333","targetHints":{"allow":["GET"]}}],"collection":[{"href":"https:\/\/www.entrerios.gov.ar\/cultura\/wp-json\/wp\/v2\/posts"}],"about":[{"href":"https:\/\/www.entrerios.gov.ar\/cultura\/wp-json\/wp\/v2\/types\/post"}],"author":[{"embeddable":true,"href":"https:\/\/www.entrerios.gov.ar\/cultura\/wp-json\/wp\/v2\/users\/5"}],"replies":[{"embeddable":true,"href":"https:\/\/www.entrerios.gov.ar\/cultura\/wp-json\/wp\/v2\/comments?post=5333"}],"version-history":[{"count":1,"href":"https:\/\/www.entrerios.gov.ar\/cultura\/wp-json\/wp\/v2\/posts\/5333\/revisions"}],"predecessor-version":[{"id":5335,"href":"https:\/\/www.entrerios.gov.ar\/cultura\/wp-json\/wp\/v2\/posts\/5333\/revisions\/5335"}],"wp:featuredmedia":[{"embeddable":true,"href":"https:\/\/www.entrerios.gov.ar\/cultura\/wp-json\/wp\/v2\/media\/5334"}],"wp:attachment":[{"href":"https:\/\/www.entrerios.gov.ar\/cultura\/wp-json\/wp\/v2\/media?parent=5333"}],"wp:term":[{"taxonomy":"category","embeddable":true,"href":"https:\/\/www.entrerios.gov.ar\/cultura\/wp-json\/wp\/v2\/categories?post=5333"},{"taxonomy":"post_tag","embeddable":true,"href":"https:\/\/www.entrerios.gov.ar\/cultura\/wp-json\/wp\/v2\/tags?post=5333"}],"curies":[{"name":"wp","href":"https:\/\/api.w.org\/{rel}","templated":true}]}}