{"id":5336,"date":"2022-02-08T12:51:30","date_gmt":"2022-02-08T12:51:30","guid":{"rendered":"https:\/\/www.entrerios.gov.ar\/cultura\/?p=5336"},"modified":"2022-03-02T11:53:48","modified_gmt":"2022-03-02T11:53:48","slug":"continuan-las-funciones-de-cine-club-musidora-en-la-casa-de-la-cultura-de-entre-rios","status":"publish","type":"post","link":"https:\/\/www.entrerios.gov.ar\/cultura\/continuan-las-funciones-de-cine-club-musidora-en-la-casa-de-la-cultura-de-entre-rios\/","title":{"rendered":"Contin\u00faan las funciones de Cine Club Musidora en la Casa de la Cultura de Entre R\u00edos\u00a0"},"content":{"rendered":"\n<p>Los mi\u00e9rcoles 9, 16 y 23 de febrero a las 20.30hs, contin\u00faan las funciones del ciclo de Cine Club Musidora en el patio de la Casa de la Cultura de Entre R\u00edos, organismo dependiente de la Secretar\u00eda de Cultura de la Provincia.&nbsp;<\/p>\n\n\n\n<p>La programaci\u00f3n, presentaci\u00f3n y textos est\u00e1n a cargo de Pablo Russo y Carlos Pag\u00e9s.<\/p>\n\n\n\n<p>En el marco del ciclo que comenz\u00f3 el mi\u00e9rcoles 2 de febrero con la proyecci\u00f3n de Time Bandits \/ Los ladrones del tiempo (Terry Gilliam, 1981), se podr\u00e1n ver los siguientes t\u00edtulos:&nbsp;<\/p>\n\n\n\n<p><strong>Mi\u00e9rcoles 9 de febrero, 20:30<\/strong><\/p>\n\n\n\n<p>Ida (Pawel Pawlikowski, 2013) Polonia<\/p>\n\n\n\n<p><strong>Mi\u00e9rcoles 16 de febrero, 20:30<\/strong><\/p>\n\n\n\n<p>Wristcutters: A Love Story \/ Wristcutters: Una historia de amor (Goran Dukic, 2006) EEUU<\/p>\n\n\n\n<p><strong>Mi\u00e9rcoles 23 de febrero, 20:30<\/strong><\/p>\n\n\n\n<p>Hive \/ Colmena (Blerta Basholli, 2021) Kosovo&nbsp;<\/p>\n\n\n\n<p>La actividad es con un bono contribuci\u00f3n de $200. Ingreso por orden de llegada.<\/p>\n\n\n\n<p>Ante la situaci\u00f3n sanitaria, se exige respetar medidas de cuidado cumpliendo con los protocolos vigentes.<\/p>\n\n\n\n<p><strong>Para m\u00e1s informaci\u00f3n:<\/strong><\/p>\n\n\n\n<p><a href=\"mailto:casaculturaentrerios@gmail.com\" target=\"_blank\" rel=\"noreferrer noopener\">casaculturaentrerios@gmail.com<\/a><\/p>\n\n\n\n<p>O concurrir a Enrique Carb\u00f3 194, Paran\u00e1, Entre R\u00edos (de lunes a viernes de 9 a 13hs).<br>\u00c1rea de archivos adjuntos<\/p>\n","protected":false},"excerpt":{"rendered":"<p>Los mi\u00e9rcoles 9, 16 y 23 de febrero a las 20.30hs, contin\u00faan las funciones del ciclo de Cine Club Musidora en el patio de la Casa de la Cultura de Entre R\u00edos, organismo dependiente de la Secretar\u00eda de Cultura de la Provincia.&nbsp; La programaci\u00f3n, presentaci\u00f3n y textos est\u00e1n a cargo de Pablo Russo y Carlos [&hellip;]<\/p>\n","protected":false},"author":5,"featured_media":5337,"comment_status":"open","ping_status":"open","sticky":false,"template":"","format":"standard","meta":{"_et_pb_use_builder":"","_et_pb_old_content":"","_et_gb_content_width":"","footnotes":""},"categories":[28,19],"tags":[],"class_list":["post-5336","post","type-post","status-publish","format-standard","has-post-thumbnail","hentry","category-noticias","category-casa-de-la-cultura-de-er"],"_links":{"self":[{"href":"https:\/\/www.entrerios.gov.ar\/cultura\/wp-json\/wp\/v2\/posts\/5336","targetHints":{"allow":["GET"]}}],"collection":[{"href":"https:\/\/www.entrerios.gov.ar\/cultura\/wp-json\/wp\/v2\/posts"}],"about":[{"href":"https:\/\/www.entrerios.gov.ar\/cultura\/wp-json\/wp\/v2\/types\/post"}],"author":[{"embeddable":true,"href":"https:\/\/www.entrerios.gov.ar\/cultura\/wp-json\/wp\/v2\/users\/5"}],"replies":[{"embeddable":true,"href":"https:\/\/www.entrerios.gov.ar\/cultura\/wp-json\/wp\/v2\/comments?post=5336"}],"version-history":[{"count":1,"href":"https:\/\/www.entrerios.gov.ar\/cultura\/wp-json\/wp\/v2\/posts\/5336\/revisions"}],"predecessor-version":[{"id":5338,"href":"https:\/\/www.entrerios.gov.ar\/cultura\/wp-json\/wp\/v2\/posts\/5336\/revisions\/5338"}],"wp:featuredmedia":[{"embeddable":true,"href":"https:\/\/www.entrerios.gov.ar\/cultura\/wp-json\/wp\/v2\/media\/5337"}],"wp:attachment":[{"href":"https:\/\/www.entrerios.gov.ar\/cultura\/wp-json\/wp\/v2\/media?parent=5336"}],"wp:term":[{"taxonomy":"category","embeddable":true,"href":"https:\/\/www.entrerios.gov.ar\/cultura\/wp-json\/wp\/v2\/categories?post=5336"},{"taxonomy":"post_tag","embeddable":true,"href":"https:\/\/www.entrerios.gov.ar\/cultura\/wp-json\/wp\/v2\/tags?post=5336"}],"curies":[{"name":"wp","href":"https:\/\/api.w.org\/{rel}","templated":true}]}}