{"id":5339,"date":"2022-02-10T10:35:52","date_gmt":"2022-02-10T10:35:52","guid":{"rendered":"https:\/\/www.entrerios.gov.ar\/cultura\/?p=5339"},"modified":"2022-03-14T12:59:00","modified_gmt":"2022-03-14T12:59:00","slug":"el-museo-provincial-antonio-serrano-en-una-muestra-internacional-de-arte-ambiental","status":"publish","type":"post","link":"https:\/\/www.entrerios.gov.ar\/cultura\/el-museo-provincial-antonio-serrano-en-una-muestra-internacional-de-arte-ambiental\/","title":{"rendered":"<strong>El Museo Provincial Antonio Serrano en una muestra internacional de arte ambiental&nbsp;<\/strong>"},"content":{"rendered":"\n<p>El Museo de Ciencias Naturales y Antropol\u00f3gicas \u201cProf.Antonio Serrano\u201d, organismo dependiente de la Secretar\u00eda de Cultura de la provincia, acompa\u00f1\u00f3 la participaci\u00f3n del artista Guillermo Vezzosi en la muestra DiverseArtLa en el marco de la feria internacional de arte LA Art Show, que se llev\u00f3 adelante del 19 al 23 de enero en Los \u00c1ngeles.&nbsp;<\/p>\n\n\n\n<p>En dicha feria participan anualmente m\u00e1s de 80 galer\u00edas, museos y organizaciones art\u00edsticas sin fines de lucro de todo el mundo que exhiben pinturas, esculturas, fotograf\u00edas, dise\u00f1os, videos e instalaciones. All\u00ed tuvo lugar la&nbsp; muestra &#8220;DiverseArtLa2022&#8221;, un espacio muse\u00edstico dentro de la feria, que tuvo como objetivo explorar c\u00f3mo se representa el medio ambiente en el arte y el lugar de la humanidad en el mundo.<\/p>\n\n\n\n<p>En este marco, el artista independiente, Guillermo Anselmo Vezzosi, present\u00f3 la instalaci\u00f3n &#8220;Frutos de la Tierra&#8221; con los auspicios del Museo de Ciencias Naturales y Antropol\u00f3gicas Prof.Antonio Serrano, de Entre R\u00edos, y el Museo Municipal de Bellas Artes de Tandil.<\/p>\n\n\n\n<p>La obra fue realizada totalmente con materiales reciclados, recolectados comunitariamente en la localidad entrerriana de Cerrito, principalmente, poniendo el foco en la gran cantidad de residuos que producimos d\u00eda a d\u00eda, invitando a la reflexi\u00f3n sobre la transformaci\u00f3n de la naturaleza y el impacto de la actividad del hombre, as\u00ed como tambi\u00e9n promover la educaci\u00f3n en sustentabilidad.&nbsp;<\/p>\n\n\n\n<p>&nbsp;\u201cPara m\u00ed fue un honor poder contar con el acompa\u00f1amiento del Museo Serrano, ya que considero fundamental contar con el apoyo y reconocimiento de una instituci\u00f3n tan importante en relaci\u00f3n a las ciencias. Es importante para el trabajo de artistas independientes que las Instituciones decidan acompa\u00f1arlos y ayudarlos a difundir su trabajo, proyectos e investigaciones, ya que de esa manera se consolidan los medios a trav\u00e9s de los cuales la informaci\u00f3n puede llegar a nuevos actores (enti\u00e9ndase p\u00fablico, cient\u00edficos, docentes, etc). Es por ello que es de suma importancia el apoyo e inter\u00e9s brindado desde la Direcci\u00f3n del Museo Serrano, a trav\u00e9s de Gisela Bahler, quien no dud\u00f3 en sumarse a este proyecto\u201d y agreg\u00f3 \u201cEste proyecto no fue el primero, ya que junto al Serrano hemos trabajado tambi\u00e9n en el proyecto Cultura del Agua presentado en Tecn\u00f3polis.\u201d coment\u00f3 el artista Guillermo Vizzosi.<\/p>\n\n\n\n<p>Bajo la curadur\u00eda de Indiana Gnocchini, Frutos de la Tierra se constituy\u00f3 como un proyecto de investigaci\u00f3n cient\u00edfica, vinculaci\u00f3n y ejecuci\u00f3n, donde los desechos cobran una segunda vida, buscando la concientizaci\u00f3n sobre el da\u00f1o que causamos los humanos en el medio ambiente.&nbsp;&nbsp;<\/p>\n\n\n\n<p>\u201cSu instalaci\u00f3n inmersiva, nos invita a recapacitar que formamos parte de un todo con la naturaleza, un todo complejo y en constante mutaci\u00f3n y adaptaci\u00f3n, pero a su vez nos interpela en nuestros m\u00e1s rec\u00f3nditos pensamientos, nos examina e induce a tomar partida, interrogarnos sobre qui\u00e9nes somos y los v\u00ednculos que nos unen a nuestro h\u00e1bitat, pues as\u00ed propone al visitante accionar nuevos imaginarios, creando una ilusi\u00f3n de tiempo y lugar, un devenir donde es protagonista.\u201d expres\u00f3 Indiana Gnocchini.<\/p>\n\n\n\n<p>Cabe destacar que este proyecto fue considerado de alto inter\u00e9s art\u00edstico y cultural por el Ministerio de Relaciones Exteriores y Comercio Internacional y Culto de la Rep\u00fablica Argentina.<\/p>\n\n\n\n<p><strong>Sobre la obra:<\/strong><\/p>\n\n\n\n<p>Los frutos de la Tierra fue confeccionada con aluminio reutilizado proveniente de 1000 latas que fueron recolectadas en la localidad de Cerrito, provincia de Entre R\u00edos, y otras ciudades, a trav\u00e9s de un sistema comunitario de recolecci\u00f3n. La instalaci\u00f3n art\u00edstica fue expuesta en una sala de 10.00m x 8.00m x 3.00m de altura y toda la obra viaj\u00f3 desarmada en una valija de 23kg. lo cual genera un dato interesante ya que es una obra de gran tama\u00f1o que no requiere de grandes vol\u00famenes para ser transportada.<\/p>\n\n\n\n<p>A su vez, la obra cont\u00f3 con una composici\u00f3n sonora realizada por Mar\u00eda Emilia Peralta, con fragmentos de la sonda Voyager y sonidos de la naturaleza, logrando crear un ambiente que se fundi\u00f3 con la obra art\u00edstica creando una experiencia inmersiva completa.<\/p>\n\n\n\n<p><em>Comunicaci\u00f3n Museo C. Naturales y Antropol\u00f3gicas Antonio Serrano<\/em><\/p>\n\n\n\n<p><em>Secretar\u00eda de Cultura,\u00a0Provincia de Entre R\u00edos<\/em><\/p>\n","protected":false},"excerpt":{"rendered":"<p>El Museo de Ciencias Naturales y Antropol\u00f3gicas \u201cProf.Antonio Serrano\u201d, organismo dependiente de la Secretar\u00eda de Cultura de la provincia, acompa\u00f1\u00f3 la participaci\u00f3n del artista Guillermo Vezzosi en la muestra DiverseArtLa en el marco de la feria internacional de arte LA Art Show, que se llev\u00f3 adelante del 19 al 23 de enero en Los \u00c1ngeles.&nbsp; [&hellip;]<\/p>\n","protected":false},"author":5,"featured_media":5340,"comment_status":"open","ping_status":"open","sticky":false,"template":"","format":"standard","meta":{"_et_pb_use_builder":"","_et_pb_old_content":"","_et_gb_content_width":"","footnotes":""},"categories":[28,8],"tags":[],"class_list":["post-5339","post","type-post","status-publish","format-standard","has-post-thumbnail","hentry","category-noticias","category-museo-ciencias-naturales"],"_links":{"self":[{"href":"https:\/\/www.entrerios.gov.ar\/cultura\/wp-json\/wp\/v2\/posts\/5339","targetHints":{"allow":["GET"]}}],"collection":[{"href":"https:\/\/www.entrerios.gov.ar\/cultura\/wp-json\/wp\/v2\/posts"}],"about":[{"href":"https:\/\/www.entrerios.gov.ar\/cultura\/wp-json\/wp\/v2\/types\/post"}],"author":[{"embeddable":true,"href":"https:\/\/www.entrerios.gov.ar\/cultura\/wp-json\/wp\/v2\/users\/5"}],"replies":[{"embeddable":true,"href":"https:\/\/www.entrerios.gov.ar\/cultura\/wp-json\/wp\/v2\/comments?post=5339"}],"version-history":[{"count":1,"href":"https:\/\/www.entrerios.gov.ar\/cultura\/wp-json\/wp\/v2\/posts\/5339\/revisions"}],"predecessor-version":[{"id":5341,"href":"https:\/\/www.entrerios.gov.ar\/cultura\/wp-json\/wp\/v2\/posts\/5339\/revisions\/5341"}],"wp:featuredmedia":[{"embeddable":true,"href":"https:\/\/www.entrerios.gov.ar\/cultura\/wp-json\/wp\/v2\/media\/5340"}],"wp:attachment":[{"href":"https:\/\/www.entrerios.gov.ar\/cultura\/wp-json\/wp\/v2\/media?parent=5339"}],"wp:term":[{"taxonomy":"category","embeddable":true,"href":"https:\/\/www.entrerios.gov.ar\/cultura\/wp-json\/wp\/v2\/categories?post=5339"},{"taxonomy":"post_tag","embeddable":true,"href":"https:\/\/www.entrerios.gov.ar\/cultura\/wp-json\/wp\/v2\/tags?post=5339"}],"curies":[{"name":"wp","href":"https:\/\/api.w.org\/{rel}","templated":true}]}}