{"id":5371,"date":"2022-02-18T12:59:30","date_gmt":"2022-02-18T12:59:30","guid":{"rendered":"https:\/\/www.entrerios.gov.ar\/cultura\/?p=5371"},"modified":"2022-02-18T12:59:33","modified_gmt":"2022-02-18T12:59:33","slug":"este-sabado-habra-nueva-edicion-de-casa-feria","status":"publish","type":"post","link":"https:\/\/www.entrerios.gov.ar\/cultura\/este-sabado-habra-nueva-edicion-de-casa-feria\/","title":{"rendered":"Este s\u00e1bado habr\u00e1 nueva edici\u00f3n de Casa Feria\u00a0"},"content":{"rendered":"\n<p>Este s\u00e1bado 19 de febrero se realiza la edici\u00f3n habitual de Casa Feria en la Casa de la Cultura de Entre R\u00edos, organismo dependiente de la Secretar\u00eda de Cultura. Se incorporan en esta oportunidad nuevos emprendimientos.<\/p>\n\n\n\n<p>La actividad tendr\u00e1 lugar este s\u00e1bado 19 de febrero de 18 a 23 hs, en la Casa de la Cultura, con los emprendimientos que vienen habitando el espacio hace un tiempo, e incorporando otros nuevos. Habr\u00e1 tambi\u00e9n m\u00fasica en vivo, obra teatral, un espacio de juego libre para infancias y el Punto Verde.<\/p>\n\n\n\n<p>En Casa Feria podr\u00e1n adquirir alimentos agroecol\u00f3gicos, cosm\u00e9tica natural, productos sustentables, artesan\u00edas, plantas, juegos de madera, tejidos, pinturas, mates, cer\u00e1mica, mu\u00f1ecos, indumentaria, libros, y mucho m\u00e1s.<\/p>\n\n\n\n<p>Habr\u00e1 comidas, con opciones veganas y sin TACC, bebidas y cerveza artesanal para consumir mientras se disfruta el paseo por la Feria.<\/p>\n\n\n\n<p>Como siempre, acompa\u00f1ar\u00e1n Recicladores del Paran\u00e1 con el Punto Verde. En este stand se reciben pl\u00e1sticos, botellas, papel, cart\u00f3n, latas de aluminio, telgopor, sachets y bolsas. Se solicita que los elementos est\u00e9n separados, limpios y secos, para ser reciclados.<\/p>\n\n\n\n<p><strong>Cronograma:<\/strong><\/p>\n\n\n\n<p>19hs &#8211; Obra de teatro \u201cChefpeare. Recetas teatrales de William Shakespeare\u201d (comedia rom\u00e1ntica gastron\u00f3mica). De Ver\u00f3nica Pete\u00e1n y Pedro Peterson.&nbsp;<\/p>\n\n\n\n<p>21hs M\u00fasica en vivo: Alma en Pe\u00f1a (folklore)<\/p>\n\n\n\n<p>Habr\u00e1 espacio de juego libre en el patio de la Casa.<\/p>\n\n\n\n<p>Se solicita a las y los asistentes asistir con barbijo y bolsa reutilizable.<\/p>\n","protected":false},"excerpt":{"rendered":"<p>Este s\u00e1bado 19 de febrero se realiza la edici\u00f3n habitual de Casa Feria en la Casa de la Cultura de Entre R\u00edos, organismo dependiente de la Secretar\u00eda de Cultura. Se incorporan en esta oportunidad nuevos emprendimientos. La actividad tendr\u00e1 lugar este s\u00e1bado 19 de febrero de 18 a 23 hs, en la Casa de la [&hellip;]<\/p>\n","protected":false},"author":5,"featured_media":5372,"comment_status":"open","ping_status":"open","sticky":false,"template":"","format":"standard","meta":{"_et_pb_use_builder":"","_et_pb_old_content":"","_et_gb_content_width":"","footnotes":""},"categories":[28,19],"tags":[],"class_list":["post-5371","post","type-post","status-publish","format-standard","has-post-thumbnail","hentry","category-noticias","category-casa-de-la-cultura-de-er"],"_links":{"self":[{"href":"https:\/\/www.entrerios.gov.ar\/cultura\/wp-json\/wp\/v2\/posts\/5371","targetHints":{"allow":["GET"]}}],"collection":[{"href":"https:\/\/www.entrerios.gov.ar\/cultura\/wp-json\/wp\/v2\/posts"}],"about":[{"href":"https:\/\/www.entrerios.gov.ar\/cultura\/wp-json\/wp\/v2\/types\/post"}],"author":[{"embeddable":true,"href":"https:\/\/www.entrerios.gov.ar\/cultura\/wp-json\/wp\/v2\/users\/5"}],"replies":[{"embeddable":true,"href":"https:\/\/www.entrerios.gov.ar\/cultura\/wp-json\/wp\/v2\/comments?post=5371"}],"version-history":[{"count":1,"href":"https:\/\/www.entrerios.gov.ar\/cultura\/wp-json\/wp\/v2\/posts\/5371\/revisions"}],"predecessor-version":[{"id":5373,"href":"https:\/\/www.entrerios.gov.ar\/cultura\/wp-json\/wp\/v2\/posts\/5371\/revisions\/5373"}],"wp:featuredmedia":[{"embeddable":true,"href":"https:\/\/www.entrerios.gov.ar\/cultura\/wp-json\/wp\/v2\/media\/5372"}],"wp:attachment":[{"href":"https:\/\/www.entrerios.gov.ar\/cultura\/wp-json\/wp\/v2\/media?parent=5371"}],"wp:term":[{"taxonomy":"category","embeddable":true,"href":"https:\/\/www.entrerios.gov.ar\/cultura\/wp-json\/wp\/v2\/categories?post=5371"},{"taxonomy":"post_tag","embeddable":true,"href":"https:\/\/www.entrerios.gov.ar\/cultura\/wp-json\/wp\/v2\/tags?post=5371"}],"curies":[{"name":"wp","href":"https:\/\/api.w.org\/{rel}","templated":true}]}}