{"id":5385,"date":"2022-02-23T12:27:49","date_gmt":"2022-02-23T12:27:49","guid":{"rendered":"https:\/\/www.entrerios.gov.ar\/cultura\/?p=5385"},"modified":"2022-03-02T11:54:26","modified_gmt":"2022-03-02T11:54:26","slug":"la-casa-de-la-cultura-de-entre-rios-prepara-actividades-para-los-festejos-del-carnaval","status":"publish","type":"post","link":"https:\/\/www.entrerios.gov.ar\/cultura\/la-casa-de-la-cultura-de-entre-rios-prepara-actividades-para-los-festejos-del-carnaval\/","title":{"rendered":"La Casa de la Cultura de Entre R\u00edos prepara actividades para los festejos del Carnaval"},"content":{"rendered":"\n<p><em>El domingo 27 de febrero, en el marco de las celebraciones de carnaval que tendr\u00e1n lugar en la provincia, la Casa de la Cultura de Entre R\u00edos ofrecer\u00e1 una propuesta libre y gratuita para festejar un carnaval popular sobre calle 9 de julio de la capital provincial.<\/em><\/p>\n\n\n\n<p>Entre las calles Carb\u00f3 y Villaguay, y a partir de las 18 hs dar\u00e1 comienzo la actividad \u201cCarnaval es carnaval!\u201d con una kermesse callejera a todo color. La agenda de la jornada incluye feria,&nbsp; patio gastron\u00f3mico, juegos, desfiles, disfraces y m\u00fasica en vivo para toda la familia.&nbsp;<\/p>\n\n\n\n<p>Los festejos comenzar\u00e1n con la Feria de productores y patio gastron\u00f3mico saludable a cargo del Colectivo Casa Feria, una instalaci\u00f3n del museo del Carnaval \u201cClaudio Galeano\u201d, y una cl\u00e1sica Kermesse de juegos que estar\u00e1 a cargo del colectivo CirculArte para las infancias, actividades que podr\u00e1n disfrutarse desde las 18hs.&nbsp;&nbsp;<\/p>\n\n\n\n<p>A lo largo de la jornada se ir\u00e1n sumando a la celebraci\u00f3n el desfile de la comparsa S.O.L. (Samba Oeste Litoral), la cuerda de candombe \u201cDale Cuerda\u201d, un encuentro de percusionistas y bateristas que dar\u00e1n lugar a una batukada comunitaria, y el cierre musical con \u201cLa Centella\u201d y \u201cLCK Cumbia\u201d.<\/p>\n\n\n\n<p>La invitaci\u00f3n propone participar con disfraces para vivir una verdadera fiesta de carnaval popular.<\/p>\n\n\n\n<p>Todas las actividades ser\u00e1n con entrada libre y gratuita.&nbsp;<br>\u00c1rea de archivos adjuntos<\/p>\n","protected":false},"excerpt":{"rendered":"<p>El domingo 27 de febrero, en el marco de las celebraciones de carnaval que tendr\u00e1n lugar en la provincia, la Casa de la Cultura de Entre R\u00edos ofrecer\u00e1 una propuesta libre y gratuita para festejar un carnaval popular sobre calle 9 de julio de la capital provincial. Entre las calles Carb\u00f3 y Villaguay, y a [&hellip;]<\/p>\n","protected":false},"author":5,"featured_media":5386,"comment_status":"open","ping_status":"open","sticky":false,"template":"","format":"standard","meta":{"_et_pb_use_builder":"","_et_pb_old_content":"","_et_gb_content_width":"","footnotes":""},"categories":[28,19],"tags":[],"class_list":["post-5385","post","type-post","status-publish","format-standard","has-post-thumbnail","hentry","category-noticias","category-casa-de-la-cultura-de-er"],"_links":{"self":[{"href":"https:\/\/www.entrerios.gov.ar\/cultura\/wp-json\/wp\/v2\/posts\/5385","targetHints":{"allow":["GET"]}}],"collection":[{"href":"https:\/\/www.entrerios.gov.ar\/cultura\/wp-json\/wp\/v2\/posts"}],"about":[{"href":"https:\/\/www.entrerios.gov.ar\/cultura\/wp-json\/wp\/v2\/types\/post"}],"author":[{"embeddable":true,"href":"https:\/\/www.entrerios.gov.ar\/cultura\/wp-json\/wp\/v2\/users\/5"}],"replies":[{"embeddable":true,"href":"https:\/\/www.entrerios.gov.ar\/cultura\/wp-json\/wp\/v2\/comments?post=5385"}],"version-history":[{"count":1,"href":"https:\/\/www.entrerios.gov.ar\/cultura\/wp-json\/wp\/v2\/posts\/5385\/revisions"}],"predecessor-version":[{"id":5387,"href":"https:\/\/www.entrerios.gov.ar\/cultura\/wp-json\/wp\/v2\/posts\/5385\/revisions\/5387"}],"wp:featuredmedia":[{"embeddable":true,"href":"https:\/\/www.entrerios.gov.ar\/cultura\/wp-json\/wp\/v2\/media\/5386"}],"wp:attachment":[{"href":"https:\/\/www.entrerios.gov.ar\/cultura\/wp-json\/wp\/v2\/media?parent=5385"}],"wp:term":[{"taxonomy":"category","embeddable":true,"href":"https:\/\/www.entrerios.gov.ar\/cultura\/wp-json\/wp\/v2\/categories?post=5385"},{"taxonomy":"post_tag","embeddable":true,"href":"https:\/\/www.entrerios.gov.ar\/cultura\/wp-json\/wp\/v2\/tags?post=5385"}],"curies":[{"name":"wp","href":"https:\/\/api.w.org\/{rel}","templated":true}]}}