{"id":5466,"date":"2022-03-25T12:31:07","date_gmt":"2022-03-25T12:31:07","guid":{"rendered":"https:\/\/www.entrerios.gov.ar\/cultura\/?p=5466"},"modified":"2022-06-05T21:21:37","modified_gmt":"2022-06-05T21:21:37","slug":"se-realizara-en-parana-el-2-festival-callejero-por-la-memoria","status":"publish","type":"post","link":"https:\/\/www.entrerios.gov.ar\/cultura\/se-realizara-en-parana-el-2-festival-callejero-por-la-memoria\/","title":{"rendered":"Se realizar\u00e1 en Paran\u00e1 el 2\u00b0 Festival Callejero por la Memoria"},"content":{"rendered":"\n<p>Propuesta organizada en conjunto por la Casa de la Cultura de Entre R\u00edos, dependiente de la Secretar\u00eda de Cultura de la Provincia,&nbsp; y la Asociaci\u00f3n Civil Barriletes.<\/p>\n\n\n\n<p>El pr\u00f3ximo s\u00e1bado 26 de marzo desde las 18hs, se realizar\u00e1 en la capital entrerriana el 2\u00b0 Festival Callejero por la Memoria, organizado en conjunto por la Casa de la Cultura y la Asociaci\u00f3n Civil Barriletes. La cita ser\u00e1 en la esquina de las calles 9 de Julio y Carb\u00f3 de la capital entrerriana.<\/p>\n\n\n\n<p>Luego de la experiencia con gran convocatoria en la primera edici\u00f3n del a\u00f1o 2021, este encuentro renueva la propuesta con diversas actividades art\u00edsticas que tendr\u00e1n entrada libre y gratuita, nucleadas a partir de un escenario situado en la calle. En caso de lluvia, el festival se realizar\u00e1 dentro de la Casa de la Cultura, espacio dependiente de la Secretar\u00eda de Cultura de Entre R\u00edos.<\/p>\n\n\n\n<p>Habr\u00e1 m\u00fasica en vivo, radio abierta, proyecciones, intervenciones urbanas, danza a\u00e9rea, un espacio de memoria de carnaval, feria de libros y fanzines y cantina popular.<\/p>\n\n\n\n<p>En el escenario: La Centella (cumbia litorale\u00f1a) \/ Bicho Raro (folk rock &#8211; Concordia) \/ La Malparida (murga estilo uruguayo).<\/p>\n\n\n\n<p>Participan: Feria Autogestiva de Libros y Fanzines \/ Radio Comunitaria Barriletes \/ Acrobacias a\u00e9reas (Micaela Emilia y Daniela Farfala) \/ Espacio Memoria de Carnaval (Biblioteca Pedro Lemebel) \/ Cine Club Musidora \/ La Centella\/ Bicho Raro\/ La Malparida.<\/p>\n","protected":false},"excerpt":{"rendered":"<p>Propuesta organizada en conjunto por la Casa de la Cultura de Entre R\u00edos, dependiente de la Secretar\u00eda de Cultura de la Provincia,&nbsp; y la Asociaci\u00f3n Civil Barriletes. El pr\u00f3ximo s\u00e1bado 26 de marzo desde las 18hs, se realizar\u00e1 en la capital entrerriana el 2\u00b0 Festival Callejero por la Memoria, organizado en conjunto por la Casa [&hellip;]<\/p>\n","protected":false},"author":5,"featured_media":5748,"comment_status":"open","ping_status":"open","sticky":false,"template":"","format":"standard","meta":{"_et_pb_use_builder":"","_et_pb_old_content":"","_et_gb_content_width":"","footnotes":""},"categories":[28,19],"tags":[],"class_list":["post-5466","post","type-post","status-publish","format-standard","has-post-thumbnail","hentry","category-noticias","category-casa-de-la-cultura-de-er"],"_links":{"self":[{"href":"https:\/\/www.entrerios.gov.ar\/cultura\/wp-json\/wp\/v2\/posts\/5466","targetHints":{"allow":["GET"]}}],"collection":[{"href":"https:\/\/www.entrerios.gov.ar\/cultura\/wp-json\/wp\/v2\/posts"}],"about":[{"href":"https:\/\/www.entrerios.gov.ar\/cultura\/wp-json\/wp\/v2\/types\/post"}],"author":[{"embeddable":true,"href":"https:\/\/www.entrerios.gov.ar\/cultura\/wp-json\/wp\/v2\/users\/5"}],"replies":[{"embeddable":true,"href":"https:\/\/www.entrerios.gov.ar\/cultura\/wp-json\/wp\/v2\/comments?post=5466"}],"version-history":[{"count":1,"href":"https:\/\/www.entrerios.gov.ar\/cultura\/wp-json\/wp\/v2\/posts\/5466\/revisions"}],"predecessor-version":[{"id":5467,"href":"https:\/\/www.entrerios.gov.ar\/cultura\/wp-json\/wp\/v2\/posts\/5466\/revisions\/5467"}],"wp:featuredmedia":[{"embeddable":true,"href":"https:\/\/www.entrerios.gov.ar\/cultura\/wp-json\/wp\/v2\/media\/5748"}],"wp:attachment":[{"href":"https:\/\/www.entrerios.gov.ar\/cultura\/wp-json\/wp\/v2\/media?parent=5466"}],"wp:term":[{"taxonomy":"category","embeddable":true,"href":"https:\/\/www.entrerios.gov.ar\/cultura\/wp-json\/wp\/v2\/categories?post=5466"},{"taxonomy":"post_tag","embeddable":true,"href":"https:\/\/www.entrerios.gov.ar\/cultura\/wp-json\/wp\/v2\/tags?post=5466"}],"curies":[{"name":"wp","href":"https:\/\/api.w.org\/{rel}","templated":true}]}}