{"id":5472,"date":"2022-03-28T14:35:39","date_gmt":"2022-03-28T14:35:39","guid":{"rendered":"https:\/\/www.entrerios.gov.ar\/cultura\/?p=5472"},"modified":"2022-06-05T21:17:44","modified_gmt":"2022-06-05T21:17:44","slug":"arrancan-los-talleres-en-la-casa-de-la-cultura-de-entre-rios","status":"publish","type":"post","link":"https:\/\/www.entrerios.gov.ar\/cultura\/arrancan-los-talleres-en-la-casa-de-la-cultura-de-entre-rios\/","title":{"rendered":"Arrancan los talleres en la Casa de la Cultura de Entre R\u00edos"},"content":{"rendered":"\n<p>La Casa de la Cultura de Entre R\u00edos, organismo dependiente de la secretar\u00eda de Cultura de la Provincia, invita a sumarse a las actividades culturales en el centro cultural de la capital entrerriana. Las propuestas se llevar\u00e1n adelante a partir del 4 de abril de forma presencial, y tendr\u00e1n lugar de lunes a s\u00e1bados.<\/p>\n\n\n\n<p>A partir del viernes 4 de abril la Casa de la Cultura de Entre R\u00edos dar\u00e1 inicio a un amplio abanico de actividades para el ciclo 2022. En tal sentido, se invita a la comunidad a participar de los talleres comunic\u00e1ndose con las y los coordinadores de las propuestas.&nbsp;<\/p>\n\n\n\n<p><strong>LOS TALLERES<\/strong><\/p>\n\n\n\n<p><strong>LUNES<\/strong><\/p>\n\n\n\n<p><strong>Taller de Cine para adolescentes<\/strong><\/p>\n\n\n\n<p>A cargo de Eliana Digiovani. Los lunes de 18 a 20hs. Actividad arancelada. Contacto e informaci\u00f3n: 343-4768673.<\/p>\n\n\n\n<p><strong>Taller de Stand Up para mayores<\/strong><\/p>\n\n\n\n<p>Coordina Juanchi Ottado. Los d\u00edas lunes de 20 a 22hs. Actividad arancelada. Contacto e informes: 11-57493770.&nbsp;<\/p>\n\n\n\n<p><strong>Taller de Ensamble de Aer\u00f3fonos<\/strong><\/p>\n\n\n\n<p>Coordina Jos\u00e9 Mata Osechas; para infancias de 9 a 13 a\u00f1os. Los d\u00edas lunes de 16 a 18hs. Actividad arancelada. Contacto e informes: 343-4050744.<\/p>\n\n\n\n<p><strong>MARTES<\/strong><\/p>\n\n\n\n<p><strong>Taller de Memoria para Personas Mayores&nbsp;<\/strong><\/p>\n\n\n\n<p>Coordina Giovanina Gentille. Los d\u00edas martes de 10 a 11hs. Actividad arancelada. Contacto e informaci\u00f3n: 343-5208388.<\/p>\n\n\n\n<p><strong>Taller Tempo Lyrical (Danza)<\/strong><\/p>\n\n\n\n<p>A cargo de Sof\u00eda Ojeda (Arriba Madera); para infancias a partir de los 7 a\u00f1os. Los d\u00edas martes de 18 a 19hs. Actividad arancelada. Contacto e informaci\u00f3n: 343-4768400.<\/p>\n\n\n\n<p><strong>Taller Pintura para el goce<\/strong><\/p>\n\n\n\n<p>A cargo de Elina Aguilar; destinado a j\u00f3venes, adultos y adultos mayores con o sin experiencia. Los d\u00edas martes de 16.30 a 19hs. Actividad arancelada. Contacto e informaci\u00f3n: 343-5005667.<\/p>\n\n\n\n<p><strong>MI\u00c9RCOLES&nbsp;<\/strong><\/p>\n\n\n\n<p><strong>Taller de Historietas<\/strong><\/p>\n\n\n\n<p>Coordina Fede Main. Los d\u00edas mi\u00e9rcoles de 18 a 19.30hs. Actividad arancelada. Contacto e informaci\u00f3n: 343-6214361.<\/p>\n\n\n\n<p><strong>Taller M\u00fasica en Movimiento&nbsp;<\/strong><\/p>\n\n\n\n<p>Coordinan Mar\u00eda Paz Centeno y Katia Grunewald. Propuesta para infancias. Los d\u00edas mi\u00e9rcoles de 18 a 19.30hs. Actividad arancelada. Contactos e informaci\u00f3n: 343-4465688 (Katia) \u2013 343-4637926 (Paz).<\/p>\n\n\n\n<p><strong>JUEVES&nbsp;<\/strong><\/p>\n\n\n\n<p><strong>Taller de Tango para j\u00f3venes<\/strong><\/p>\n\n\n\n<p>Coordina Nico Art\u00edn; para j\u00f3venes hasta 21 a\u00f1os. Los d\u00edas jueves de 19 a 20.15. Actividad gratuita. Contacto e informes: 11-3312666.<\/p>\n\n\n\n<p><strong>Taller de Motricidad y Teatralidad para Infancias<\/strong><\/p>\n\n\n\n<p>Coordina Sof\u00eda Luz, para infancias de 9 a 12 a\u00f1os. Los d\u00edas jueves de 16 a 18hs. Actividad arancelada. Contacto e informes: 343-4476193.<\/p>\n\n\n\n<p><strong>Taller de tango para adultos&nbsp;<\/strong><\/p>\n\n\n\n<p>Coordina Nico Art\u00edn. Los d\u00edas jueves de 20.30 a 21.45. Actividad arancelada. Contacto e informes: 11-3312666.<\/p>\n\n\n\n<p><strong>S\u00c1BADO&nbsp;<\/strong><\/p>\n\n\n\n<p><strong>Danzas Urbanas<\/strong><\/p>\n\n\n\n<p>Coordina Silvina Macchi; para j\u00f3venes desde los 16 a\u00f1os. Los d\u00edas s\u00e1bados de 10 a 11hs. Actividad arancelada. Contacto e informes: 343-4585597.<\/p>\n\n\n\n<p><strong>Comunicaci\u00f3n: Casa de la Cultura de Entre R\u00edos&nbsp;<\/strong><\/p>\n\n\n\n<p><strong>Redes: @casadelaculturaer<\/strong><\/p>\n","protected":false},"excerpt":{"rendered":"<p>La Casa de la Cultura de Entre R\u00edos, organismo dependiente de la secretar\u00eda de Cultura de la Provincia, invita a sumarse a las actividades culturales en el centro cultural de la capital entrerriana. Las propuestas se llevar\u00e1n adelante a partir del 4 de abril de forma presencial, y tendr\u00e1n lugar de lunes a s\u00e1bados. A [&hellip;]<\/p>\n","protected":false},"author":5,"featured_media":5744,"comment_status":"open","ping_status":"open","sticky":false,"template":"","format":"standard","meta":{"_et_pb_use_builder":"","_et_pb_old_content":"","_et_gb_content_width":"","footnotes":""},"categories":[28,19],"tags":[],"class_list":["post-5472","post","type-post","status-publish","format-standard","has-post-thumbnail","hentry","category-noticias","category-casa-de-la-cultura-de-er"],"_links":{"self":[{"href":"https:\/\/www.entrerios.gov.ar\/cultura\/wp-json\/wp\/v2\/posts\/5472","targetHints":{"allow":["GET"]}}],"collection":[{"href":"https:\/\/www.entrerios.gov.ar\/cultura\/wp-json\/wp\/v2\/posts"}],"about":[{"href":"https:\/\/www.entrerios.gov.ar\/cultura\/wp-json\/wp\/v2\/types\/post"}],"author":[{"embeddable":true,"href":"https:\/\/www.entrerios.gov.ar\/cultura\/wp-json\/wp\/v2\/users\/5"}],"replies":[{"embeddable":true,"href":"https:\/\/www.entrerios.gov.ar\/cultura\/wp-json\/wp\/v2\/comments?post=5472"}],"version-history":[{"count":1,"href":"https:\/\/www.entrerios.gov.ar\/cultura\/wp-json\/wp\/v2\/posts\/5472\/revisions"}],"predecessor-version":[{"id":5473,"href":"https:\/\/www.entrerios.gov.ar\/cultura\/wp-json\/wp\/v2\/posts\/5472\/revisions\/5473"}],"wp:featuredmedia":[{"embeddable":true,"href":"https:\/\/www.entrerios.gov.ar\/cultura\/wp-json\/wp\/v2\/media\/5744"}],"wp:attachment":[{"href":"https:\/\/www.entrerios.gov.ar\/cultura\/wp-json\/wp\/v2\/media?parent=5472"}],"wp:term":[{"taxonomy":"category","embeddable":true,"href":"https:\/\/www.entrerios.gov.ar\/cultura\/wp-json\/wp\/v2\/categories?post=5472"},{"taxonomy":"post_tag","embeddable":true,"href":"https:\/\/www.entrerios.gov.ar\/cultura\/wp-json\/wp\/v2\/tags?post=5472"}],"curies":[{"name":"wp","href":"https:\/\/api.w.org\/{rel}","templated":true}]}}