{"id":5512,"date":"2022-04-13T13:32:32","date_gmt":"2022-04-13T13:32:32","guid":{"rendered":"https:\/\/www.entrerios.gov.ar\/cultura\/?p=5512"},"modified":"2022-06-05T20:59:14","modified_gmt":"2022-06-05T20:59:14","slug":"feria-y-actividades-culturales-se-realizaran-en-la-casa-de-la-cultura-de-entre-rios","status":"publish","type":"post","link":"https:\/\/www.entrerios.gov.ar\/cultura\/feria-y-actividades-culturales-se-realizaran-en-la-casa-de-la-cultura-de-entre-rios\/","title":{"rendered":"Feria y actividades culturales se realizar\u00e1n en la Casa de la Cultura de Entre R\u00edos"},"content":{"rendered":"\n<p>La Casa de la Cultura de Entre R\u00edos, dependiente de la Secretar\u00eda de Cultura provincial, invita a disfrutar de una serie de propuestas para todos los p\u00fablicos durante la Semana Santa.<\/p>\n\n\n\n<p>Espect\u00e1culo de narraci\u00f3n oral y m\u00fasica, recital con proyecciones, muestra fotogr\u00e1fica y artistas pl\u00e1sticos en vivo, y Casa Feria en horario diurno ser\u00e1n las actividades que se llevar\u00e1n adelante desde el jueves y hasta el s\u00e1bado inclusive, en la casona ubicada en calle 9 de Julio y Carb\u00f3, en la ciudad de Paran\u00e1.<\/p>\n\n\n\n<p><strong>Sobre las propuestas<\/strong><\/p>\n\n\n\n<p><strong>Ellas, historias contadas y cantadas en el Colectivo de Arte<\/strong><\/p>\n\n\n\n<p>Espect\u00e1culo art\u00edstico compuesto por narraciones orales y canciones de autores latinoamericanos. En \u00e9l se entrelazan historias propias del universo femenino con m\u00fasica, en un ambiente \u00edntimo y a su vez compartidas. En esta oportunidad los invitados son: Dana Bogado (Narraci\u00f3n), Roc\u00edo Pereyra, Constanza Soler y Sim\u00f3n Rosi (M\u00fasica). La cita tendr\u00e1 lugar este jueves a las 21hs.<\/p>\n\n\n\n<p>La entrada tiene un valor de $400.<\/p>\n\n\n\n<p>Por reservas comunicarse al: 343-6113301<\/p>\n\n\n\n<p><strong>Aires de Rock 10 a\u00f1os<\/strong><\/p>\n\n\n\n<p>Celebraci\u00f3n de los diez a\u00f1os del programa radial Aires de Rock (Vorterix Paran\u00e1). Participar\u00e1n las bandas Documento \u00danico, tributo a La Renga y Malinche. Habr\u00e1 exposici\u00f3n fotogr\u00e1fica y pl\u00e1stica; obra en vivo de artistas pl\u00e1sticos en Sala Mayor. Ferias de Discos de artistas independientes y proyecci\u00f3n de audiovisuales. Expondr\u00e1n: Manuel Acevedo, Ezequiel Camurri y Giselle Utrera. El valor de la entrada es de $300. Reservas al: 343-54570081<\/p>\n\n\n\n<p><strong>Casa Feria en horario diurno<\/strong><\/p>\n\n\n\n<p>La cita habitual de Casa Feria se realizar\u00e1 esta vez en horario diurno, de 10 a 17 hs con acceso gratuito. Habr\u00e1 feriantes invitados, m\u00fasica en vivo, actividades para infancias y punto verde.<\/p>\n\n\n\n<p>En Casa Feria se pueden adquirir alimentos agroecol\u00f3gicos, de cosm\u00e9tica natural, productos sustentables, artesan\u00edas, plantas, juegos de madera, tejidos, pinturas, mates, cer\u00e1mica, mu\u00f1ecos, indumentaria, libros, y mucho m\u00e1s.<\/p>\n\n\n\n<p>Habr\u00e1 venta de comidas, con opciones veganas y sin TACC, bebidas y cerveza artesanal para consumir mientras se disfruta el paseo por la Feria.<\/p>\n\n\n\n<p>Acompa\u00f1ar\u00e1 el colectivo de Recicladores del Paran\u00e1 con el PUNTO VERDE. All\u00ed se recibir\u00e1n pl\u00e1sticos, botellas, papel, cart\u00f3n, latas de aluminio, telgopor, bolsas, separados, limpios y secos, para ser reciclados.<\/p>\n\n\n\n<p>A las 10hs \u2013 Apertura de Feria<\/p>\n\n\n\n<p>A las 13hs \u2013 M\u00fasica en vivo con Alma en Pe\u00f1a<\/p>\n\n\n\n<p>A las 17hs \u2013 Espect\u00e1culo de m\u00fasica y magia con Pa\u00edses M\u00e1gicos<\/p>\n\n\n\n<p>Habr\u00e1 espacio de juego libre en el patio de la Casa.<\/p>\n\n\n\n<p>Se solicita asistir con barbijo y bolsa reutilizable.<\/p>\n\n\n\n<p><\/p>\n\n\n\n<p><\/p>\n\n\n\n<p><strong><em>Comunicaci\u00f3n Casa de la Cultura de Entre R\u00edos<\/em><\/strong><\/p>\n\n\n\n<p><strong><em>Ig: @casadelaculturaer<\/em><\/strong><\/p>\n\n\n\n<p><strong><em>Fbk: @casacultura.entrerios<\/em><\/strong><\/p>\n\n\n\n<p><strong><em>Correo electr\u00f3nico: <a href=\"mailto:casaculturaentrerios@gmail.com\" target=\"_blank\" rel=\"noreferrer noopener\">casaculturaentrerios@gmail.com<\/a><\/em><\/strong><\/p>\n\n\n\n<p><strong><em>Secretar\u00eda de Cultura de Entre R\u00edos<\/em><\/strong><\/p>\n","protected":false},"excerpt":{"rendered":"<p>La Casa de la Cultura de Entre R\u00edos, dependiente de la Secretar\u00eda de Cultura provincial, invita a disfrutar de una serie de propuestas para todos los p\u00fablicos durante la Semana Santa. Espect\u00e1culo de narraci\u00f3n oral y m\u00fasica, recital con proyecciones, muestra fotogr\u00e1fica y artistas pl\u00e1sticos en vivo, y Casa Feria en horario diurno ser\u00e1n las [&hellip;]<\/p>\n","protected":false},"author":5,"featured_media":5725,"comment_status":"open","ping_status":"open","sticky":false,"template":"","format":"standard","meta":{"_et_pb_use_builder":"","_et_pb_old_content":"","_et_gb_content_width":"","footnotes":""},"categories":[28,19],"tags":[],"class_list":["post-5512","post","type-post","status-publish","format-standard","has-post-thumbnail","hentry","category-noticias","category-casa-de-la-cultura-de-er"],"_links":{"self":[{"href":"https:\/\/www.entrerios.gov.ar\/cultura\/wp-json\/wp\/v2\/posts\/5512","targetHints":{"allow":["GET"]}}],"collection":[{"href":"https:\/\/www.entrerios.gov.ar\/cultura\/wp-json\/wp\/v2\/posts"}],"about":[{"href":"https:\/\/www.entrerios.gov.ar\/cultura\/wp-json\/wp\/v2\/types\/post"}],"author":[{"embeddable":true,"href":"https:\/\/www.entrerios.gov.ar\/cultura\/wp-json\/wp\/v2\/users\/5"}],"replies":[{"embeddable":true,"href":"https:\/\/www.entrerios.gov.ar\/cultura\/wp-json\/wp\/v2\/comments?post=5512"}],"version-history":[{"count":1,"href":"https:\/\/www.entrerios.gov.ar\/cultura\/wp-json\/wp\/v2\/posts\/5512\/revisions"}],"predecessor-version":[{"id":5513,"href":"https:\/\/www.entrerios.gov.ar\/cultura\/wp-json\/wp\/v2\/posts\/5512\/revisions\/5513"}],"wp:featuredmedia":[{"embeddable":true,"href":"https:\/\/www.entrerios.gov.ar\/cultura\/wp-json\/wp\/v2\/media\/5725"}],"wp:attachment":[{"href":"https:\/\/www.entrerios.gov.ar\/cultura\/wp-json\/wp\/v2\/media?parent=5512"}],"wp:term":[{"taxonomy":"category","embeddable":true,"href":"https:\/\/www.entrerios.gov.ar\/cultura\/wp-json\/wp\/v2\/categories?post=5512"},{"taxonomy":"post_tag","embeddable":true,"href":"https:\/\/www.entrerios.gov.ar\/cultura\/wp-json\/wp\/v2\/tags?post=5512"}],"curies":[{"name":"wp","href":"https:\/\/api.w.org\/{rel}","templated":true}]}}