{"id":5530,"date":"2022-04-25T12:15:56","date_gmt":"2022-04-25T12:15:56","guid":{"rendered":"https:\/\/www.entrerios.gov.ar\/cultura\/?p=5530"},"modified":"2022-06-05T20:47:43","modified_gmt":"2022-06-05T20:47:43","slug":"comienza-un-nuevo-ciclo-musical-federal-organizado-por-la-casa-de-la-cultura-de-entre-rios","status":"publish","type":"post","link":"https:\/\/www.entrerios.gov.ar\/cultura\/comienza-un-nuevo-ciclo-musical-federal-organizado-por-la-casa-de-la-cultura-de-entre-rios\/","title":{"rendered":"Comienza un nuevo ciclo musical federal organizado por la Casa de la Cultura de Entre R\u00edos"},"content":{"rendered":"\n<p>\u201cTerritorio de Bandas, un ida y vuelta musical y federal\u201d es un nuevo ciclo que vincula a m\u00fasicas y m\u00fasicos de diversos puntos de la provincia. Los artistas realizar\u00e1n recitales gratuitos en Paran\u00e1 y en espacios culturales del territorio provincial. La iniciativa es organizada por el centro cultural provincial dependiente de la Secretar\u00eda de Cultura de la Provincia.&nbsp;<\/p>\n\n\n\n<p>El primer encuentro tendr\u00e1 lugar el viernes 29 de abril a las 21hs en la Casa de la Cultura (9 de julio 422, Paran\u00e1) con la participaci\u00f3n de \u201cAvisale a Coso\u201d (Concordia) y \u201cRenzo Monta\u00f1a y Los P\u00e1jaros de R\u00edo\u201d (Paran\u00e1). La entrada ser\u00e1 gratuita.<\/p>\n\n\n\n<p>La propuesta se llevar\u00e1 adelante entre los meses de abril y diciembre del 2022, tomando como base el escenario de la Casa de la Cultura de Entre R\u00edos, para luego generar conciertos en espacios culturales de las diversas localidades, desde donde provienen las bandas programadas.&nbsp;<\/p>\n\n\n\n<p>En este sentido, se presentar\u00e1n bandas entrerrianas independientes, para favorecer la construcci\u00f3n y el fortalecimiento de p\u00fablico en los lugares donde se realicen las actuaciones. El ciclo promueve el trabajo articulado con la comunidad art\u00edstica, a la vez que aporta al sostenimiento y fortalecimiento del sector cultural en general.<\/p>\n\n\n\n<p>Al respecto del ciclo, Sebasti\u00e1n Bergalio, Director de la Casa de la Cultura destac\u00f3: \u201cEs urgente que desde los espacios p\u00fablicos provinciales tracemos nuevos lineamientos de acci\u00f3n conjunta en todo el territorio; con la intenci\u00f3n de propender a la federalizaci\u00f3n de los recursos\u201d.&nbsp;<\/p>\n\n\n\n<p>Y agreg\u00f3, \u201cSi bien en este caso estamos hablando de un ciclo o evento art\u00edstico, desde la Secretar\u00eda de Cultura de la Provincia, intentamos federalizar todas las acciones llevadas adelante\u201d.&nbsp;<\/p>\n\n\n\n<p>Por \u00faltimo y en el mismo sentido, el ciclo se enmarca dentro del programa \u201cLa Casa Viaja\u201d, iniciativa que se gest\u00f3 en el 2020, y que promueve articulaciones entre la Casa de la Cultura y diversos agentes culturales en todo el territorio provincial.<\/p>\n","protected":false},"excerpt":{"rendered":"<p>\u201cTerritorio de Bandas, un ida y vuelta musical y federal\u201d es un nuevo ciclo que vincula a m\u00fasicas y m\u00fasicos de diversos puntos de la provincia. Los artistas realizar\u00e1n recitales gratuitos en Paran\u00e1 y en espacios culturales del territorio provincial. La iniciativa es organizada por el centro cultural provincial dependiente de la Secretar\u00eda de Cultura [&hellip;]<\/p>\n","protected":false},"author":5,"featured_media":5714,"comment_status":"open","ping_status":"open","sticky":false,"template":"","format":"standard","meta":{"_et_pb_use_builder":"","_et_pb_old_content":"","_et_gb_content_width":"","footnotes":""},"categories":[28,19],"tags":[],"class_list":["post-5530","post","type-post","status-publish","format-standard","has-post-thumbnail","hentry","category-noticias","category-casa-de-la-cultura-de-er"],"_links":{"self":[{"href":"https:\/\/www.entrerios.gov.ar\/cultura\/wp-json\/wp\/v2\/posts\/5530","targetHints":{"allow":["GET"]}}],"collection":[{"href":"https:\/\/www.entrerios.gov.ar\/cultura\/wp-json\/wp\/v2\/posts"}],"about":[{"href":"https:\/\/www.entrerios.gov.ar\/cultura\/wp-json\/wp\/v2\/types\/post"}],"author":[{"embeddable":true,"href":"https:\/\/www.entrerios.gov.ar\/cultura\/wp-json\/wp\/v2\/users\/5"}],"replies":[{"embeddable":true,"href":"https:\/\/www.entrerios.gov.ar\/cultura\/wp-json\/wp\/v2\/comments?post=5530"}],"version-history":[{"count":1,"href":"https:\/\/www.entrerios.gov.ar\/cultura\/wp-json\/wp\/v2\/posts\/5530\/revisions"}],"predecessor-version":[{"id":5531,"href":"https:\/\/www.entrerios.gov.ar\/cultura\/wp-json\/wp\/v2\/posts\/5530\/revisions\/5531"}],"wp:featuredmedia":[{"embeddable":true,"href":"https:\/\/www.entrerios.gov.ar\/cultura\/wp-json\/wp\/v2\/media\/5714"}],"wp:attachment":[{"href":"https:\/\/www.entrerios.gov.ar\/cultura\/wp-json\/wp\/v2\/media?parent=5530"}],"wp:term":[{"taxonomy":"category","embeddable":true,"href":"https:\/\/www.entrerios.gov.ar\/cultura\/wp-json\/wp\/v2\/categories?post=5530"},{"taxonomy":"post_tag","embeddable":true,"href":"https:\/\/www.entrerios.gov.ar\/cultura\/wp-json\/wp\/v2\/tags?post=5530"}],"curies":[{"name":"wp","href":"https:\/\/api.w.org\/{rel}","templated":true}]}}