{"id":5541,"date":"2022-05-02T11:20:44","date_gmt":"2022-05-02T11:20:44","guid":{"rendered":"https:\/\/www.entrerios.gov.ar\/cultura\/?p=5541"},"modified":"2022-06-05T20:39:03","modified_gmt":"2022-06-05T20:39:03","slug":"el-centro-experimental-de-fotografia-de-entre-rios-invita-al-ciclo-enfoque-infinito","status":"publish","type":"post","link":"https:\/\/www.entrerios.gov.ar\/cultura\/el-centro-experimental-de-fotografia-de-entre-rios-invita-al-ciclo-enfoque-infinito\/","title":{"rendered":"El Centro Experimental de Fotograf\u00eda de Entre R\u00edos invita al ciclo Enfoque Infinito"},"content":{"rendered":"\n<p>Se realizar\u00e1 un encuentro gratuito sobre narrativa fotogr\u00e1fica y g\u00e9nero en el marco del ciclo Enfoque Infinito, que impulsa el Centro Experimental de Fotograf\u00eda de Entre R\u00edos, organismo dependiente de la Secretar\u00eda de Cultura de Entre R\u00edos.&nbsp;<\/p>\n\n\n\n<p>Paula Kindsvater presentar\u00e1 \u201cLuchas de g\u00e9nero y narrativas fotogr\u00e1ficas: una mirada desde el litoral\u201d. En el encuentro Kindsvater proyectar\u00e1 una serie de fotograf\u00edas de autor\u00eda propia, y se abrir\u00e1 un di\u00e1logo en torno a la&nbsp;fotograf\u00eda como construcci\u00f3n social, el rol del activismo fotogr\u00e1fico en la creaci\u00f3n de significaciones en torno a las luchas de g\u00e9nero, las b\u00fasquedas de una narrativa visual, y algunos aportes desde la experiencia de la fot\u00f3grafa, comunicadora social y docente&nbsp; entrerriana.<\/p>\n\n\n\n<p>La actividad se realizar\u00e1 el pr\u00f3ximo jueves 5 de mayo, a las 20hs, en el espacio de la ochava de la Casa de la Cultura de Entre R\u00edos, con ingreso libre y gratuito.&nbsp;<\/p>\n\n\n\n<p>La actividad es impulsada por el Centro Experimental de Fotograf\u00eda de Entre R\u00edos (CEFER), que funciona en el 2\u00b0 piso de la Casa de la Cultura de Entre R\u00edos.&nbsp;<\/p>\n\n\n\n<p><strong>Sobre Paula Kindsvater<\/strong><\/p>\n\n\n\n<p>Es Comunicadora Social, fot\u00f3grafa y docente en la Universidad Nacional de Entre R\u00edos.&nbsp; Maestranda en Comunicaci\u00f3n e Imagen Institucional.<\/p>\n\n\n\n<p>Present\u00f3 el ensayo fotogr\u00e1fico de su autor\u00eda titulado &#8220;El jard\u00edn de las delicias&#8221; y particip\u00f3 como expositora en las muestras &#8220;Vivas nos miramos&#8221;, &#8220;Feminismos en lucha&#8221; -junto a Gabriela Carvalho- y en la galer\u00eda fotogr\u00e1fica del VII Coloquio Internacional Interdisciplinario: Educaci\u00f3n, Sexualidades y Relaciones de G\u00e9nero. Seleccionada en el Primer Sal\u00f3n de Fotograf\u00eda de Entre R\u00edos. Recientemente comparti\u00f3 un trabajo en el marco de la convocatoria &#8220;La voz de la marea&#8221; organizado por la Subsecretar\u00eda de Cultura de Paran\u00e1.&nbsp;<\/p>\n\n\n\n<p>Ha publicado algunos de sus trabajos de cr\u00f3nica fotogr\u00e1fica de luchas sociales y de viaje en medios digitales, entre ellos las Revistas BEX, 170 escalones, Peuta y Fotoargenta.<\/p>\n\n\n\n<p>Forma parte de un grupo de cultura libre y conocimiento abierto en el marco de la Fundaci\u00f3n Wikimedia Argentina, aportando a la construcci\u00f3n de la memoria colectiva en el litoral.<\/p>\n\n\n\n<p><strong><em>Comunicaci\u00f3n Centro Experimental de Fotograf\u00eda de Entre R\u00edos (CEFER)<\/em><\/strong><\/p>\n\n\n\n<p><strong><em>Contactos: <\/em><\/strong><a href=\"mailto:cefer.info@gmail.com\" target=\"_blank\" rel=\"noreferrer noopener\"><strong><em>cefer.info@gmail.com<\/em><\/strong><\/a><strong><em> \/ @cef.entrerios<\/em><\/strong><\/p>\n","protected":false},"excerpt":{"rendered":"<p>Se realizar\u00e1 un encuentro gratuito sobre narrativa fotogr\u00e1fica y g\u00e9nero en el marco del ciclo Enfoque Infinito, que impulsa el Centro Experimental de Fotograf\u00eda de Entre R\u00edos, organismo dependiente de la Secretar\u00eda de Cultura de Entre R\u00edos.&nbsp; Paula Kindsvater presentar\u00e1 \u201cLuchas de g\u00e9nero y narrativas fotogr\u00e1ficas: una mirada desde el litoral\u201d. En el encuentro Kindsvater [&hellip;]<\/p>\n","protected":false},"author":5,"featured_media":5710,"comment_status":"open","ping_status":"open","sticky":false,"template":"","format":"standard","meta":{"_et_pb_use_builder":"","_et_pb_old_content":"","_et_gb_content_width":"","footnotes":""},"categories":[28,19],"tags":[],"class_list":["post-5541","post","type-post","status-publish","format-standard","has-post-thumbnail","hentry","category-noticias","category-casa-de-la-cultura-de-er"],"_links":{"self":[{"href":"https:\/\/www.entrerios.gov.ar\/cultura\/wp-json\/wp\/v2\/posts\/5541","targetHints":{"allow":["GET"]}}],"collection":[{"href":"https:\/\/www.entrerios.gov.ar\/cultura\/wp-json\/wp\/v2\/posts"}],"about":[{"href":"https:\/\/www.entrerios.gov.ar\/cultura\/wp-json\/wp\/v2\/types\/post"}],"author":[{"embeddable":true,"href":"https:\/\/www.entrerios.gov.ar\/cultura\/wp-json\/wp\/v2\/users\/5"}],"replies":[{"embeddable":true,"href":"https:\/\/www.entrerios.gov.ar\/cultura\/wp-json\/wp\/v2\/comments?post=5541"}],"version-history":[{"count":1,"href":"https:\/\/www.entrerios.gov.ar\/cultura\/wp-json\/wp\/v2\/posts\/5541\/revisions"}],"predecessor-version":[{"id":5542,"href":"https:\/\/www.entrerios.gov.ar\/cultura\/wp-json\/wp\/v2\/posts\/5541\/revisions\/5542"}],"wp:featuredmedia":[{"embeddable":true,"href":"https:\/\/www.entrerios.gov.ar\/cultura\/wp-json\/wp\/v2\/media\/5710"}],"wp:attachment":[{"href":"https:\/\/www.entrerios.gov.ar\/cultura\/wp-json\/wp\/v2\/media?parent=5541"}],"wp:term":[{"taxonomy":"category","embeddable":true,"href":"https:\/\/www.entrerios.gov.ar\/cultura\/wp-json\/wp\/v2\/categories?post=5541"},{"taxonomy":"post_tag","embeddable":true,"href":"https:\/\/www.entrerios.gov.ar\/cultura\/wp-json\/wp\/v2\/tags?post=5541"}],"curies":[{"name":"wp","href":"https:\/\/api.w.org\/{rel}","templated":true}]}}