{"id":5587,"date":"2022-05-16T11:37:59","date_gmt":"2022-05-16T11:37:59","guid":{"rendered":"https:\/\/www.entrerios.gov.ar\/cultura\/?p=5587"},"modified":"2022-06-05T15:48:07","modified_gmt":"2022-06-05T15:48:07","slug":"comienza-una-diplomatura-en-organizacion-comunitaria-y-economia-popular-en-la-casa-de-la-cultura-de-entre-rios","status":"publish","type":"post","link":"https:\/\/www.entrerios.gov.ar\/cultura\/comienza-una-diplomatura-en-organizacion-comunitaria-y-economia-popular-en-la-casa-de-la-cultura-de-entre-rios\/","title":{"rendered":"Comienza una Diplomatura en Organizaci\u00f3n Comunitaria y Econom\u00eda Popular en la Casa de la Cultura de Entre R\u00edos"},"content":{"rendered":"\n<p>Este s\u00e1bado 14 de mayo comienza en la Casa de la Cultura de Entre R\u00edos, organismo dependiente de la Secretar\u00eda de Cultura de Entre R\u00edos, una Diplomatura en Organizaci\u00f3n Comunitaria y Econom\u00eda Popular. La propuesta es de car\u00e1cter libre y gratuito y se llevar\u00e1 adelante a lo largo de siete encuentros presenciales, en horario de 8.45hs a 12hs. Las inscripciones est\u00e1n abiertas.<\/p>\n\n\n\n<p>Esta propuesta -de la Escuela Nacional de Organizaci\u00f3n Comunitaria y Econom\u00eda Popular&nbsp; (ENOCEP)- surge a partir de las experiencias de lucha de las distintas organizaciones populares que dedican su militancia a la b\u00fasqueda de igualdad de derechos para todos los trabajadores que se desempe\u00f1an por fuera del mercado laboral formal.&nbsp;<\/p>\n\n\n\n<p>La diplomatura est\u00e1 orientada a la adquisici\u00f3n de herramientas conceptuales y destrezas que fortalezcan a los distintos actores de las organizaciones comunitarias que intervienen en la econom\u00eda popular.&nbsp;<\/p>\n\n\n\n<p>La Diplomatura que iniciar\u00e1 este s\u00e1bado ser\u00e1 libre y gratuita. Las inscripciones se pueden realizar a: <a href=\"mailto:enocep.entrerios@gmail.com\" target=\"_blank\" rel=\"noreferrer noopener\">enocep.entrerios@gmail.com<\/a><\/p>\n\n\n\n<p>Algunos de los contenidos ser\u00e1n:<\/p>\n\n\n\n<p>-El trabajo digno como estructurador del proyecto de vida&nbsp;<\/p>\n\n\n\n<p>-Criterios generales para la organizaci\u00f3n econ\u00f3mica popular<\/p>\n\n\n\n<p>-Organizaci\u00f3n comunitaria y democracia&nbsp;<\/p>\n\n\n\n<p>-La asamblea y otras formas de participaci\u00f3n popular<\/p>\n\n\n\n<p>-Cooperativas y otras formas de organizaci\u00f3n productiva popular&nbsp;<\/p>\n\n\n\n<p>-Los medios populares de producci\u00f3n&nbsp;<\/p>\n\n\n\n<p>-La organizaci\u00f3n econ\u00f3mica y la organizaci\u00f3n sindical en la econom\u00eda popular&nbsp;<\/p>\n\n\n\n<p>-La estructura del sindicato: secretariado, seccionales, delegados, ramas<\/p>\n\n\n\n<p>-Principios de acci\u00f3n para el organizador popular<\/p>\n\n\n\n<p>-Principios de conducci\u00f3n<\/p>\n\n\n\n<p>-La lucha reivindicativa<\/p>\n\n\n\n<p>-La negociaci\u00f3n&nbsp;<\/p>\n\n\n\n<p>-Las gestiones ante el Estado<\/p>\n\n\n\n<p>Impulsa: ENOCEP<\/p>\n\n\n\n<p>M\u00e1s informaci\u00f3n en: @enocep_utep<\/p>\n","protected":false},"excerpt":{"rendered":"<p>Este s\u00e1bado 14 de mayo comienza en la Casa de la Cultura de Entre R\u00edos, organismo dependiente de la Secretar\u00eda de Cultura de Entre R\u00edos, una Diplomatura en Organizaci\u00f3n Comunitaria y Econom\u00eda Popular. La propuesta es de car\u00e1cter libre y gratuito y se llevar\u00e1 adelante a lo largo de siete encuentros presenciales, en horario de [&hellip;]<\/p>\n","protected":false},"author":5,"featured_media":4337,"comment_status":"open","ping_status":"open","sticky":false,"template":"","format":"standard","meta":{"_et_pb_use_builder":"","_et_pb_old_content":"","_et_gb_content_width":"","footnotes":""},"categories":[28,19],"tags":[],"class_list":["post-5587","post","type-post","status-publish","format-standard","has-post-thumbnail","hentry","category-noticias","category-casa-de-la-cultura-de-er"],"_links":{"self":[{"href":"https:\/\/www.entrerios.gov.ar\/cultura\/wp-json\/wp\/v2\/posts\/5587","targetHints":{"allow":["GET"]}}],"collection":[{"href":"https:\/\/www.entrerios.gov.ar\/cultura\/wp-json\/wp\/v2\/posts"}],"about":[{"href":"https:\/\/www.entrerios.gov.ar\/cultura\/wp-json\/wp\/v2\/types\/post"}],"author":[{"embeddable":true,"href":"https:\/\/www.entrerios.gov.ar\/cultura\/wp-json\/wp\/v2\/users\/5"}],"replies":[{"embeddable":true,"href":"https:\/\/www.entrerios.gov.ar\/cultura\/wp-json\/wp\/v2\/comments?post=5587"}],"version-history":[{"count":1,"href":"https:\/\/www.entrerios.gov.ar\/cultura\/wp-json\/wp\/v2\/posts\/5587\/revisions"}],"predecessor-version":[{"id":5588,"href":"https:\/\/www.entrerios.gov.ar\/cultura\/wp-json\/wp\/v2\/posts\/5587\/revisions\/5588"}],"wp:featuredmedia":[{"embeddable":true,"href":"https:\/\/www.entrerios.gov.ar\/cultura\/wp-json\/wp\/v2\/media\/4337"}],"wp:attachment":[{"href":"https:\/\/www.entrerios.gov.ar\/cultura\/wp-json\/wp\/v2\/media?parent=5587"}],"wp:term":[{"taxonomy":"category","embeddable":true,"href":"https:\/\/www.entrerios.gov.ar\/cultura\/wp-json\/wp\/v2\/categories?post=5587"},{"taxonomy":"post_tag","embeddable":true,"href":"https:\/\/www.entrerios.gov.ar\/cultura\/wp-json\/wp\/v2\/tags?post=5587"}],"curies":[{"name":"wp","href":"https:\/\/api.w.org\/{rel}","templated":true}]}}