{"id":5596,"date":"2022-05-17T11:30:30","date_gmt":"2022-05-17T11:30:30","guid":{"rendered":"https:\/\/www.entrerios.gov.ar\/cultura\/?p=5596"},"modified":"2022-06-05T14:22:05","modified_gmt":"2022-06-05T14:22:05","slug":"la-obra-de-restauracion-y-puesta-en-valor-de-la-biblioteca-provincial-supera-el-85-por-ciento-de-avance","status":"publish","type":"post","link":"https:\/\/www.entrerios.gov.ar\/cultura\/la-obra-de-restauracion-y-puesta-en-valor-de-la-biblioteca-provincial-supera-el-85-por-ciento-de-avance\/","title":{"rendered":"La obra de restauraci\u00f3n y puesta en valor de la Biblioteca Provincial supera el 85 por ciento de avance"},"content":{"rendered":"\n<p>La secretaria de Cultura de Entre R\u00edos, Francisca D\u2019Agostino, junto al subsecretario, Germ\u00e1n G\u00f3mez y el director de la Biblioteca Provincial,&nbsp; N\u00e9stor Rodr\u00edguez, recorrieron las obras de restauraci\u00f3n y puesta en valor de la fachada y sala de lectura de la hist\u00f3rica instituci\u00f3n. Los trabajos superan el 85 por ciento de avance y se prev\u00e9n terminar en el mes de junio.<\/p>\n\n\n\n<p>La funcionaria charl\u00f3 con el director de la obra, Bruno Tonello,&nbsp; quien fue cont\u00e1ndole los detalles de cada trabajo realizado y los que est\u00e1n en ejecuci\u00f3n en este momento, en la Biblioteca.<\/p>\n\n\n\n<p>El Plan de Obra en ejecuci\u00f3n incluye reparaci\u00f3n de cubierta de techos y otros espacios de la Biblioteca. Adem\u00e1s, se encuentran en restauraci\u00f3n puertas y ventanas de madera, celos\u00edas y ventanas met\u00e1licas, hall central, galer\u00eda y sala de lectura y grupos sanitarios; con una inversi\u00f3n de m\u00e1s de 11 millones de pesos.<\/p>\n\n\n\n<p>En el marco de estos trabajos, la Biblioteca contin\u00faa con su servicio de atenci\u00f3n a investigadores, estudiantes universitarios y terciarios y p\u00fablico en general&nbsp; tanto para responder consultas como para recibir donaciones para los fondos que la integran.<\/p>\n","protected":false},"excerpt":{"rendered":"<p>La secretaria de Cultura de Entre R\u00edos, Francisca D\u2019Agostino, junto al subsecretario, Germ\u00e1n G\u00f3mez y el director de la Biblioteca Provincial,&nbsp; N\u00e9stor Rodr\u00edguez, recorrieron las obras de restauraci\u00f3n y puesta en valor de la fachada y sala de lectura de la hist\u00f3rica instituci\u00f3n. Los trabajos superan el 85 por ciento de avance y se prev\u00e9n [&hellip;]<\/p>\n","protected":false},"author":5,"featured_media":5688,"comment_status":"open","ping_status":"open","sticky":false,"template":"","format":"standard","meta":{"_et_pb_use_builder":"","_et_pb_old_content":"","_et_gb_content_width":"","footnotes":""},"categories":[28,5],"tags":[],"class_list":["post-5596","post","type-post","status-publish","format-standard","has-post-thumbnail","hentry","category-noticias","category-biblioteca-provincial"],"_links":{"self":[{"href":"https:\/\/www.entrerios.gov.ar\/cultura\/wp-json\/wp\/v2\/posts\/5596","targetHints":{"allow":["GET"]}}],"collection":[{"href":"https:\/\/www.entrerios.gov.ar\/cultura\/wp-json\/wp\/v2\/posts"}],"about":[{"href":"https:\/\/www.entrerios.gov.ar\/cultura\/wp-json\/wp\/v2\/types\/post"}],"author":[{"embeddable":true,"href":"https:\/\/www.entrerios.gov.ar\/cultura\/wp-json\/wp\/v2\/users\/5"}],"replies":[{"embeddable":true,"href":"https:\/\/www.entrerios.gov.ar\/cultura\/wp-json\/wp\/v2\/comments?post=5596"}],"version-history":[{"count":1,"href":"https:\/\/www.entrerios.gov.ar\/cultura\/wp-json\/wp\/v2\/posts\/5596\/revisions"}],"predecessor-version":[{"id":5597,"href":"https:\/\/www.entrerios.gov.ar\/cultura\/wp-json\/wp\/v2\/posts\/5596\/revisions\/5597"}],"wp:featuredmedia":[{"embeddable":true,"href":"https:\/\/www.entrerios.gov.ar\/cultura\/wp-json\/wp\/v2\/media\/5688"}],"wp:attachment":[{"href":"https:\/\/www.entrerios.gov.ar\/cultura\/wp-json\/wp\/v2\/media?parent=5596"}],"wp:term":[{"taxonomy":"category","embeddable":true,"href":"https:\/\/www.entrerios.gov.ar\/cultura\/wp-json\/wp\/v2\/categories?post=5596"},{"taxonomy":"post_tag","embeddable":true,"href":"https:\/\/www.entrerios.gov.ar\/cultura\/wp-json\/wp\/v2\/tags?post=5596"}],"curies":[{"name":"wp","href":"https:\/\/api.w.org\/{rel}","templated":true}]}}