{"id":5643,"date":"2022-05-30T11:51:32","date_gmt":"2022-05-30T11:51:32","guid":{"rendered":"https:\/\/www.entrerios.gov.ar\/cultura\/?p=5643"},"modified":"2022-06-13T02:04:37","modified_gmt":"2022-06-13T02:04:37","slug":"rodolfo-walsh-muestra-itinerante-en-concepcion-del-uruguay","status":"publish","type":"post","link":"https:\/\/www.entrerios.gov.ar\/cultura\/rodolfo-walsh-muestra-itinerante-en-concepcion-del-uruguay\/","title":{"rendered":"Rodolfo Walsh: muestra itinerante en Concepci\u00f3n\u00a0 del Uruguay"},"content":{"rendered":"\n<p>La Secretar\u00eda de Cultura de Entre R\u00edos y la Biblioteca Nacional impulsan la Muestra Itinerante \u201cRodolfo Walsh. El oficio de la palabra\u201d, que se desarrollar\u00e1 a partir del pr\u00f3ximo 7 de junio a las 10:30 hs en la ciudad de Concepci\u00f3n del Uruguay.<\/p>\n\n\n\n<p>La presentaci\u00f3n de la muestra es el resultado de un trabajo en conjunto de la Biblioteca Provincial y el Centro de Capacitaci\u00f3n Tur\u00edstica y Cultural (CECAT), y la Biblioteca Nacional para&nbsp; rendirle homenaje al gran escritor y periodista argentino, a 45 a\u00f1os de su asesinato y desaparici\u00f3n, y los sesenta a\u00f1os de la primera edici\u00f3n de Operaci\u00f3n Masacre.<\/p>\n\n\n\n<p>La iniciativa ser\u00e1 inaugurada el martes 7 de junio, D\u00eda del Periodista,&nbsp; con la presencia de autoridades locales, provinciales y p\u00fablico en general.<\/p>\n\n\n\n<p>La exposici\u00f3n conmemora los 60 a\u00f1os de la primera edici\u00f3n de Operaci\u00f3n Masacre y los cuarenta a\u00f1os del asesinato y desaparici\u00f3n del escritor argentino Rodolfo Walsh. Consta de dos ejes tem\u00e1ticos. El primero aborda la g\u00e9nesis de la obra mencionada a trav\u00e9s de la publicaci\u00f3n de una serie de nueve notas period\u00edsticas en la revista Mayor\u00eda (entre mayo y julio de 1957). Se exhiben, adem\u00e1s, cuatro ediciones (1957, 1964, 1969 y 1972) y las pruebas de imprenta de la tercera edici\u00f3n corregidas de pu\u00f1o y letra por el escritor. En la misma l\u00ednea de periodismo investigativo y de denuncia \u2013y como parte del g\u00e9nero de no ficci\u00f3n, del cual Rodolfo Walsh fue uno de los precursores\u2013, se presentan sus otros dos libros emblem\u00e1ticos: Caso Satanowsky (1958) y \u00bfQui\u00e9n mat\u00f3 a Rosendo? (1968).<\/p>\n\n\n\n<p>El segundo eje tem\u00e1tico se estructura en torno a los \u201coficios de la palabra\u201d que el autor ejerci\u00f3: escritor de ficciones, ant\u00f3logo, traductor, periodista, dramaturgo y militante. Tambi\u00e9n se incluyen los libros que muestran el estudio de su obra en distintos momentos y aquellos que pueden ser considerados como sus continuadores. La muestra expone, adem\u00e1s, la actividad de Walsh en la difusi\u00f3n de los cr\u00edmenes de la dictadura a trav\u00e9s de medios clandestinos como ANCLA y Cadena Informativa y fragmentos de la \u201cCarta abierta a la Junta Militar\u201d.<\/p>\n\n\n\n<p>La exposici\u00f3n podr\u00e1 ser visitada por alumnos secundarios, terciarios y universitarios, y p\u00fablico en general hasta el 30 de junio inclusive y se desarrollar\u00e1 en la sede del Centro de Capacitaci\u00f3n de Concepci\u00f3n del Uruguay, ubicado en calle Alfonsina Storni 9064.<\/p>\n\n\n\n<p>La curadora de la exposici\u00f3n es Jorgelina N\u00fa\u00f1ez, de la Direcci\u00f3n General de Acci\u00f3n Cultural y Dise\u00f1o de la Biblioteca Nacional.<\/p>\n\n\n\n<p>Instituciones que colaboran para el desarrollo de la iniciativa: Vicegobernaci\u00f3n, Municipalidad de Concepci\u00f3n del Uruguay; Direcci\u00f3n de Cultura y Direcci\u00f3n Derechos Humanos de la Municipalidad de Concepci\u00f3n del Uruguay; Universidad Aut\u00f3noma de Entre R\u00edos; Departamental de Escuelas; Museo Artemio Alisio; Radio Nacional; y Radio 9 Digital.<\/p>\n","protected":false},"excerpt":{"rendered":"<p>La Secretar\u00eda de Cultura de Entre R\u00edos y la Biblioteca Nacional impulsan la Muestra Itinerante \u201cRodolfo Walsh. El oficio de la palabra\u201d, que se desarrollar\u00e1 a partir del pr\u00f3ximo 7 de junio a las 10:30 hs en la ciudad de Concepci\u00f3n del Uruguay. La presentaci\u00f3n de la muestra es el resultado de un trabajo en [&hellip;]<\/p>\n","protected":false},"author":5,"featured_media":5654,"comment_status":"open","ping_status":"open","sticky":false,"template":"","format":"standard","meta":{"_et_pb_use_builder":"","_et_pb_old_content":"","_et_gb_content_width":"","footnotes":""},"categories":[28,78,5],"tags":[],"class_list":["post-5643","post","type-post","status-publish","format-standard","has-post-thumbnail","hentry","category-noticias","category-area-industrias-culturales","category-biblioteca-provincial"],"_links":{"self":[{"href":"https:\/\/www.entrerios.gov.ar\/cultura\/wp-json\/wp\/v2\/posts\/5643","targetHints":{"allow":["GET"]}}],"collection":[{"href":"https:\/\/www.entrerios.gov.ar\/cultura\/wp-json\/wp\/v2\/posts"}],"about":[{"href":"https:\/\/www.entrerios.gov.ar\/cultura\/wp-json\/wp\/v2\/types\/post"}],"author":[{"embeddable":true,"href":"https:\/\/www.entrerios.gov.ar\/cultura\/wp-json\/wp\/v2\/users\/5"}],"replies":[{"embeddable":true,"href":"https:\/\/www.entrerios.gov.ar\/cultura\/wp-json\/wp\/v2\/comments?post=5643"}],"version-history":[{"count":1,"href":"https:\/\/www.entrerios.gov.ar\/cultura\/wp-json\/wp\/v2\/posts\/5643\/revisions"}],"predecessor-version":[{"id":5644,"href":"https:\/\/www.entrerios.gov.ar\/cultura\/wp-json\/wp\/v2\/posts\/5643\/revisions\/5644"}],"wp:featuredmedia":[{"embeddable":true,"href":"https:\/\/www.entrerios.gov.ar\/cultura\/wp-json\/wp\/v2\/media\/5654"}],"wp:attachment":[{"href":"https:\/\/www.entrerios.gov.ar\/cultura\/wp-json\/wp\/v2\/media?parent=5643"}],"wp:term":[{"taxonomy":"category","embeddable":true,"href":"https:\/\/www.entrerios.gov.ar\/cultura\/wp-json\/wp\/v2\/categories?post=5643"},{"taxonomy":"post_tag","embeddable":true,"href":"https:\/\/www.entrerios.gov.ar\/cultura\/wp-json\/wp\/v2\/tags?post=5643"}],"curies":[{"name":"wp","href":"https:\/\/api.w.org\/{rel}","templated":true}]}}