{"id":5776,"date":"2022-06-06T13:19:23","date_gmt":"2022-06-06T13:19:23","guid":{"rendered":"https:\/\/www.entrerios.gov.ar\/cultura\/?p=5776"},"modified":"2022-06-23T13:31:55","modified_gmt":"2022-06-23T13:31:55","slug":"el-museo-provincial-de-bellas-artes-presenta-una-muestra-de-la-destacada-escultora-gloria-priotti","status":"publish","type":"post","link":"https:\/\/www.entrerios.gov.ar\/cultura\/el-museo-provincial-de-bellas-artes-presenta-una-muestra-de-la-destacada-escultora-gloria-priotti\/","title":{"rendered":"<strong>El Museo Provincial de Bellas Artes presenta una muestra de la destacada escultora Gloria Priotti<\/strong>"},"content":{"rendered":"\n<p><em>El pr\u00f3ximo Viernes 10 de junio quedar\u00e1 inaugurada una nueva propuesta de la Temporada 2022 del Museo Provincial de Bellas Artes &#8220;Pedro E. Mart\u00ednez&#8221; dependiente de la Secretar\u00eda de Cultura del Gobierno de Entre R\u00edos. En esta oportunidad se trata de &#8220;Gloria Priotti. La mirada vigente&#8221; de la reconocida escultora radicada en la ciudad de Col\u00f3n.&nbsp;<\/em><\/p>\n\n\n\n<p>El encuentro, que contar\u00e1 con la presencia de la artista, se desarrollar\u00e1 en la sede del Museo con acceso libre y gratuito a partir de las 20 hs<em>.<\/em><\/p>\n\n\n\n<p>&#8220;Gloria Priotti. La mirada vigente&#8221; recorre la extensa y singular trayectoria de Gloria Priotti desde principios de la d\u00e9cada del 70 hasta finales de los a\u00f1os 90 del Siglo XX a trav\u00e9s de m\u00e1s de treinta trabajos seleccionados y organizados especialmente para esta exhibici\u00f3n por Laura Zelaya (artista pl\u00e1stica y escultora) en el rol de curadora con la asistencia de Daniela Zelaya (fot\u00f3grafa y artista visual), ambas hijas de la artista y del recordado pintor y grabador Daniel Zelaya.&nbsp;<\/p>\n\n\n\n<p><em>&#8220;<\/em>La sensibilidad de Gloria Priotti reside en su empat\u00eda por el otro y su condici\u00f3n. En sus esculturas plasma, con exquisitez expresiva y una manufactura impecable, su mirada sobre la realidad que observa. (\u2026) Su coherencia y pensamiento cr\u00edtico sostienen su trayectoria y otorgan a su obra una vigencia ineludible\u201d expresa el texto curatorial elaborado por Laura Zelaya.<\/p>\n\n\n\n<p>Para Marcela Canalis, directora del Museo, la programaci\u00f3n de esta muestra &#8220;significa un merecido y largamente esperado reconocimiento a una de las artistas mujeres m\u00e1s prestigiosas y singulares que tenemos en la provincia. Su pr\u00e1ctica art\u00edstica, su po\u00e9tica profundamente humanista y su inusual recorrido en la escena del arte nacional e internacional componen una propuesta que nos enorgullece compartir y poner en valor&#8221;.<\/p>\n\n\n\n<p>La inauguraci\u00f3n est\u00e1 prevista para el Viernes 10 de junio a las 20 hs&nbsp; y podr\u00e1 ser visitada con acceso libre y gratuito hasta el 21 de agosto.&nbsp;<\/p>\n\n\n\n<p><strong>Sobre la artista<\/strong><\/p>\n\n\n\n<p>Gloria Priotti naci\u00f3 en Buenos Aires. Estudi\u00f3 en la Escuela Nacional de Bellas Artes Manuel Belgrano entre 1958 y 1959.&nbsp;<\/p>\n\n\n\n<p>En 1975 obtuvo el Premio Beca \u201cAlberto Durero\u201d otorgado por el Fondo Nacional de las Artes y la Embajada de la Rep\u00fablica Federal Alemana y se traslada a Berl\u00edn Occidental, donde se instala en un atelier en \u201cK\u00fcnstlerhaus Bethanien\u201d permaneciendo desde 1975 hasta 1983.&nbsp;<\/p>\n\n\n\n<p>Paralelamente participa, invitada por el Senado de Berl\u00edn, en concursos oficiales para arte aplicado al urbanismo y la arquitectura, obteniendo tres premios que dieron como resultado la creaci\u00f3n de obras monumentales que se encuentran emplazadas actualmente en distintos puntos de la ciudad de Berl\u00edn.&nbsp;<\/p>\n\n\n\n<p>Entre otros proyectos ha colaborado en la remodelaci\u00f3n de la Universidad T\u00e9cnica OSZ Metall, Neuk\u00f6lln de la capital alemana.&nbsp;<\/p>\n\n\n\n<p>LINK CAT\u00c1LOGO DIGITAL:\u00a0\u00a0<a rel=\"noreferrer noopener\" href=\"https:\/\/drive.google.com\/file\/d\/1w7JlcK4knb_gVZbGZHxlPtrQE7-ly7mE\/view?usp=sharing\" target=\"_blank\">https:\/\/drive.google.com\/file\/d\/1w7JlcK4knb_gVZbGZHxlPtrQE7-ly7mE\/view?usp=sharing<\/a><\/p>\n\n\n\n<p>Cr\u00e9dito fotograf\u00eda: Daniela Zelaya<\/p>\n\n\n\n<p><strong>Prensa<\/strong><\/p>\n\n\n\n<p><strong>Museo Provincial de Bellas Artes Dr. Pedro E. Mart\u00ednez<\/strong><\/p>\n\n\n\n<p><strong>Secretar\u00eda de Cultura. Gobierno de Entre R\u00edos.<\/strong><\/p>\n\n\n\n<p>Buenos Aires 355. Paran\u00e1, Entre R\u00edos. Argentina.<\/p>\n\n\n\n<p><a href=\"mailto:gestionbellasartes@gmail.com\" target=\"_blank\" rel=\"noreferrer noopener\">gestionbellasartes@gmail.com<\/a><\/p>\n\n\n\n<p>343 4207868\/918<\/p>\n","protected":false},"excerpt":{"rendered":"<p>El pr\u00f3ximo Viernes 10 de junio quedar\u00e1 inaugurada una nueva propuesta de la Temporada 2022 del Museo Provincial de Bellas Artes &#8220;Pedro E. Mart\u00ednez&#8221; dependiente de la Secretar\u00eda de Cultura del Gobierno de Entre R\u00edos. En esta oportunidad se trata de &#8220;Gloria Priotti. La mirada vigente&#8221; de la reconocida escultora radicada en la ciudad de [&hellip;]<\/p>\n","protected":false},"author":5,"featured_media":5777,"comment_status":"open","ping_status":"open","sticky":false,"template":"","format":"standard","meta":{"_et_pb_use_builder":"off","_et_pb_old_content":"","_et_gb_content_width":"","footnotes":""},"categories":[28,9],"tags":[],"class_list":["post-5776","post","type-post","status-publish","format-standard","has-post-thumbnail","hentry","category-noticias","category-museo-bellas-artes"],"_links":{"self":[{"href":"https:\/\/www.entrerios.gov.ar\/cultura\/wp-json\/wp\/v2\/posts\/5776","targetHints":{"allow":["GET"]}}],"collection":[{"href":"https:\/\/www.entrerios.gov.ar\/cultura\/wp-json\/wp\/v2\/posts"}],"about":[{"href":"https:\/\/www.entrerios.gov.ar\/cultura\/wp-json\/wp\/v2\/types\/post"}],"author":[{"embeddable":true,"href":"https:\/\/www.entrerios.gov.ar\/cultura\/wp-json\/wp\/v2\/users\/5"}],"replies":[{"embeddable":true,"href":"https:\/\/www.entrerios.gov.ar\/cultura\/wp-json\/wp\/v2\/comments?post=5776"}],"version-history":[{"count":2,"href":"https:\/\/www.entrerios.gov.ar\/cultura\/wp-json\/wp\/v2\/posts\/5776\/revisions"}],"predecessor-version":[{"id":5859,"href":"https:\/\/www.entrerios.gov.ar\/cultura\/wp-json\/wp\/v2\/posts\/5776\/revisions\/5859"}],"wp:featuredmedia":[{"embeddable":true,"href":"https:\/\/www.entrerios.gov.ar\/cultura\/wp-json\/wp\/v2\/media\/5777"}],"wp:attachment":[{"href":"https:\/\/www.entrerios.gov.ar\/cultura\/wp-json\/wp\/v2\/media?parent=5776"}],"wp:term":[{"taxonomy":"category","embeddable":true,"href":"https:\/\/www.entrerios.gov.ar\/cultura\/wp-json\/wp\/v2\/categories?post=5776"},{"taxonomy":"post_tag","embeddable":true,"href":"https:\/\/www.entrerios.gov.ar\/cultura\/wp-json\/wp\/v2\/tags?post=5776"}],"curies":[{"name":"wp","href":"https:\/\/api.w.org\/{rel}","templated":true}]}}