{"id":5814,"date":"2022-06-07T10:05:53","date_gmt":"2022-06-07T10:05:53","guid":{"rendered":"https:\/\/www.entrerios.gov.ar\/cultura\/?p=5814"},"modified":"2022-06-13T02:05:12","modified_gmt":"2022-06-13T02:05:12","slug":"la-obra-rascar-donde-la-mascara-no-pica-se-presenta-este-domingo-en-la-vieja-usina","status":"publish","type":"post","link":"https:\/\/www.entrerios.gov.ar\/cultura\/la-obra-rascar-donde-la-mascara-no-pica-se-presenta-este-domingo-en-la-vieja-usina\/","title":{"rendered":"La obra \u201cRASCAR donde la m\u00e1scara no pica\u201d se presenta este domingo en La Vieja Usina"},"content":{"rendered":"\n<p>El ciclo Domingos de Teatro en la Usina, impulsado por la Secretar\u00eda de Cultura de Entre R\u00edos a trav\u00e9s del centro cultural y de convenciones La Vieja Usina presenta la obra \u201cRASCAR donde la m\u00e1scara no pica\u201d. La funci\u00f3n ser\u00e1 a las 20 hs con entrada gratuita este domingo.&nbsp;<\/p>\n\n\n\n<p>\u201cRASCAR donde la m\u00e1scara no pica\u201d es una obra de \u201cLa Puerta Teatro\u201d (Concordia) protagonizada por Patricia Velzi, Patricia Arrieta, Fabi\u00e1n Nardini y Mart\u00edn Quintana, con dramaturgia y direcci\u00f3n de Patricia Velzi.<\/p>\n\n\n\n<p><strong>Sinopsis<\/strong><\/p>\n\n\n\n<p>En un mundo dist\u00f3pico, unos fr\u00edos comediantes ciborgs, realizan incansablemente diferentes videos que son transmitidos en vivo por streaming. Tanto para el p\u00fablico presente, como para el que lo mira por internet, es un acontecimiento ciborg-cultural insoslayable. Pura nostalgia de un mundo que ya no existe, pero tambi\u00e9n, una resistente pulsi\u00f3n de lo humano que, por permanecer, rasca.<\/p>\n\n\n\n<p><strong>Ficha t\u00e9cnica del espect\u00e1culo<\/strong><\/p>\n\n\n\n<p>Operaci\u00f3n de luces y sonido: Mart\u00edn Quintana.<\/p>\n\n\n\n<p>Banda sonora: Patricia Velzi y Franco Asplanatti.<\/p>\n\n\n\n<p>Puesta en escena: Patricia Arrieta, Fabi\u00e1n Nardini, Patricia Velzi.<\/p>\n\n\n\n<p>Dise\u00f1o de escenograf\u00eda, vestuario y maquillaje: Fabi\u00e1n Nardini.<\/p>\n\n\n\n<p>Realizaci\u00f3n de escenograf\u00eda y vestuario: Fabian Nardini, Mart\u00edn Quintana, Patricia Arrieta.<\/p>\n\n\n\n<p>Realizaci\u00f3n de maquillaje: Fabi\u00e1n Nardini.<\/p>\n\n\n\n<p>Producci\u00f3n: Patricia Arrieta y Patricia Velzi.<\/p>\n\n\n\n<p>Como cada domingo, la entrada al espect\u00e1culo ser\u00e1 gratuita, y el ingreso por orden de llegada.<\/p>\n\n\n\n<p>Foto: OMAR LAGRA\u00d1A<br><\/p>\n\n\n\n<p>&#8212;<\/p>\n\n\n\n<p><strong><em>Prensa y difusi\u00f3n&nbsp;<\/em><\/strong><\/p>\n\n\n\n<p><strong><em>Centro Cultural y de Convenciones La Vieja Usina<\/em><\/strong><\/p>\n\n\n\n<p><strong><em>Gregoria Matorras 861- Paran\u00e1 &#8211; Entre R\u00edos.<\/em><\/strong><\/p>\n\n\n\n<p><strong><em>Tel\u00e9fonos: 0343 4211074 \/ 4223458<\/em><\/strong><\/p>\n\n\n\n<p><strong><em>Facebook La Vieja Usina<\/em><\/strong><\/p>\n\n\n\n<p><strong><em>Instagram @vieja_usina<\/em><\/strong><\/p>\n\n\n\n<p>\u00c1rea de archivos adjuntos<\/p>\n","protected":false},"excerpt":{"rendered":"<p>El ciclo Domingos de Teatro en la Usina, impulsado por la Secretar\u00eda de Cultura de Entre R\u00edos a trav\u00e9s del centro cultural y de convenciones La Vieja Usina presenta la obra \u201cRASCAR donde la m\u00e1scara no pica\u201d. La funci\u00f3n ser\u00e1 a las 20 hs con entrada gratuita este domingo.&nbsp; \u201cRASCAR donde la m\u00e1scara no pica\u201d [&hellip;]<\/p>\n","protected":false},"author":5,"featured_media":5815,"comment_status":"open","ping_status":"open","sticky":false,"template":"","format":"standard","meta":{"_et_pb_use_builder":"off","_et_pb_old_content":"","_et_gb_content_width":"","footnotes":""},"categories":[28,18],"tags":[],"class_list":["post-5814","post","type-post","status-publish","format-standard","has-post-thumbnail","hentry","category-noticias","category-centro-cultural-la-vieja-usina"],"_links":{"self":[{"href":"https:\/\/www.entrerios.gov.ar\/cultura\/wp-json\/wp\/v2\/posts\/5814","targetHints":{"allow":["GET"]}}],"collection":[{"href":"https:\/\/www.entrerios.gov.ar\/cultura\/wp-json\/wp\/v2\/posts"}],"about":[{"href":"https:\/\/www.entrerios.gov.ar\/cultura\/wp-json\/wp\/v2\/types\/post"}],"author":[{"embeddable":true,"href":"https:\/\/www.entrerios.gov.ar\/cultura\/wp-json\/wp\/v2\/users\/5"}],"replies":[{"embeddable":true,"href":"https:\/\/www.entrerios.gov.ar\/cultura\/wp-json\/wp\/v2\/comments?post=5814"}],"version-history":[{"count":1,"href":"https:\/\/www.entrerios.gov.ar\/cultura\/wp-json\/wp\/v2\/posts\/5814\/revisions"}],"predecessor-version":[{"id":5816,"href":"https:\/\/www.entrerios.gov.ar\/cultura\/wp-json\/wp\/v2\/posts\/5814\/revisions\/5816"}],"wp:featuredmedia":[{"embeddable":true,"href":"https:\/\/www.entrerios.gov.ar\/cultura\/wp-json\/wp\/v2\/media\/5815"}],"wp:attachment":[{"href":"https:\/\/www.entrerios.gov.ar\/cultura\/wp-json\/wp\/v2\/media?parent=5814"}],"wp:term":[{"taxonomy":"category","embeddable":true,"href":"https:\/\/www.entrerios.gov.ar\/cultura\/wp-json\/wp\/v2\/categories?post=5814"},{"taxonomy":"post_tag","embeddable":true,"href":"https:\/\/www.entrerios.gov.ar\/cultura\/wp-json\/wp\/v2\/tags?post=5814"}],"curies":[{"name":"wp","href":"https:\/\/api.w.org\/{rel}","templated":true}]}}