{"id":5846,"date":"2022-06-21T12:00:34","date_gmt":"2022-06-21T12:00:34","guid":{"rendered":"https:\/\/www.entrerios.gov.ar\/cultura\/?p=5846"},"modified":"2022-08-05T13:53:26","modified_gmt":"2022-08-05T13:53:26","slug":"concurso-literario-provincial-juan-l-ortiz-2022-apertura-de-convocatoria","status":"publish","type":"post","link":"https:\/\/www.entrerios.gov.ar\/cultura\/concurso-literario-provincial-juan-l-ortiz-2022-apertura-de-convocatoria\/","title":{"rendered":"Concurso Literario Provincial \u201cJuan L. Ortiz\u201d 2022: apertura de convocatoria"},"content":{"rendered":"\n<p>La Biblioteca Provincial de Entre R\u00edos dependiente de la Secretar\u00eda de Cultura de Entre R\u00edos,&nbsp; informa que est\u00e1 abierta la convocatoria para el VI Concurso Literario Provincial \u201cJuan L. Ortiz\u201d 2022 Categor\u00eda poes\u00eda, edici\u00f3n 2022.<\/p>\n\n\n\n<p>El Concurso est\u00e1 destinado para escritoras y escritores entrerrianos, mayores de 18 a\u00f1os, nacidos en la provincia o con residencia de m\u00e1s de cinco a\u00f1os. La recepci\u00f3n de trabajos es entre el 21 de junio y el 30 de julio de 2022 inclusive. Los participantes podr\u00e1n presentar solamente un poema que no exceda los 30 versos, en tem\u00e1tica libre.<\/p>\n\n\n\n<p>El Jurado encargado de la selecci\u00f3n estar\u00e1 integrado por prestigiosos representantes de la literatura entrerriana, como sucedi\u00f3 en las ediciones anteriores.<\/p>\n\n\n\n<p>Los poemas deben remitirse por correo postal o personalmente a BIBLIOTECA PROVINCIAL DE ENTRE R\u00cdOS &#8211; Alameda de la Federaci\u00f3n 278 \u2013 CP 3100, Paran\u00e1, Entre R\u00edos. En caso de que la entrega del sobre participante sea personalmente, deber\u00e1 realizarse de lunes a viernes de 8 a 12 hs.<\/p>\n\n\n\n<p>Los resultados de la elecci\u00f3n del Jurado ser\u00e1n dados a conocer entre el 27 de agosto y el 1 de septiembre de 2022.<\/p>\n\n\n\n<p>El reglamento del concurso puede descargarse <a href=\"https:\/\/drive.google.com\/file\/d\/1s7rEQ6Nbx4osw8W7JQYRwx9WJV0jNoIO\/view\" target=\"_blank\" rel=\"noreferrer noopener\">AQU\u00cd<\/a><\/p>\n\n\n\n<p><strong>Los premios<\/strong><\/p>\n\n\n\n<p>Este a\u00f1o los premios adquisici\u00f3n ser\u00e1n de 25.000 pesos para el primer premio, 20.000 pesos para el segundo y 15.000 pesos para el tercero.<\/p>\n\n\n\n<p><strong>Calendario del Concurso:<\/strong><\/p>\n\n\n\n<p>Convocatoria: del 21 de junio al 30 de julio.<\/p>\n\n\n\n<p>Anuncio resultados de la selecci\u00f3n del Jurado: del 27 de agosto y el 1 de septiembre.<\/p>\n","protected":false},"excerpt":{"rendered":"<p>La Biblioteca Provincial de Entre R\u00edos dependiente de la Secretar\u00eda de Cultura de Entre R\u00edos,&nbsp; informa que est\u00e1 abierta la convocatoria para el VI Concurso Literario Provincial \u201cJuan L. Ortiz\u201d 2022 Categor\u00eda poes\u00eda, edici\u00f3n 2022. El Concurso est\u00e1 destinado para escritoras y escritores entrerrianos, mayores de 18 a\u00f1os, nacidos en la provincia o con residencia [&hellip;]<\/p>\n","protected":false},"author":5,"featured_media":5847,"comment_status":"open","ping_status":"open","sticky":false,"template":"","format":"standard","meta":{"_et_pb_use_builder":"off","_et_pb_old_content":"","_et_gb_content_width":"","footnotes":""},"categories":[28,5,58],"tags":[],"class_list":["post-5846","post","type-post","status-publish","format-standard","has-post-thumbnail","hentry","category-noticias","category-biblioteca-provincial","category-concursos-cerrados"],"_links":{"self":[{"href":"https:\/\/www.entrerios.gov.ar\/cultura\/wp-json\/wp\/v2\/posts\/5846","targetHints":{"allow":["GET"]}}],"collection":[{"href":"https:\/\/www.entrerios.gov.ar\/cultura\/wp-json\/wp\/v2\/posts"}],"about":[{"href":"https:\/\/www.entrerios.gov.ar\/cultura\/wp-json\/wp\/v2\/types\/post"}],"author":[{"embeddable":true,"href":"https:\/\/www.entrerios.gov.ar\/cultura\/wp-json\/wp\/v2\/users\/5"}],"replies":[{"embeddable":true,"href":"https:\/\/www.entrerios.gov.ar\/cultura\/wp-json\/wp\/v2\/comments?post=5846"}],"version-history":[{"count":1,"href":"https:\/\/www.entrerios.gov.ar\/cultura\/wp-json\/wp\/v2\/posts\/5846\/revisions"}],"predecessor-version":[{"id":5848,"href":"https:\/\/www.entrerios.gov.ar\/cultura\/wp-json\/wp\/v2\/posts\/5846\/revisions\/5848"}],"wp:featuredmedia":[{"embeddable":true,"href":"https:\/\/www.entrerios.gov.ar\/cultura\/wp-json\/wp\/v2\/media\/5847"}],"wp:attachment":[{"href":"https:\/\/www.entrerios.gov.ar\/cultura\/wp-json\/wp\/v2\/media?parent=5846"}],"wp:term":[{"taxonomy":"category","embeddable":true,"href":"https:\/\/www.entrerios.gov.ar\/cultura\/wp-json\/wp\/v2\/categories?post=5846"},{"taxonomy":"post_tag","embeddable":true,"href":"https:\/\/www.entrerios.gov.ar\/cultura\/wp-json\/wp\/v2\/tags?post=5846"}],"curies":[{"name":"wp","href":"https:\/\/api.w.org\/{rel}","templated":true}]}}