{"id":5944,"date":"2022-07-05T13:52:39","date_gmt":"2022-07-05T13:52:39","guid":{"rendered":"https:\/\/www.entrerios.gov.ar\/cultura\/?p=5944"},"modified":"2022-07-14T14:03:38","modified_gmt":"2022-07-14T14:03:38","slug":"talleres-gratuitos-de-animacion-stop-motion-en-el-museo-provincial-de-bellas-artes","status":"publish","type":"post","link":"https:\/\/www.entrerios.gov.ar\/cultura\/talleres-gratuitos-de-animacion-stop-motion-en-el-museo-provincial-de-bellas-artes\/","title":{"rendered":"Talleres gratuitos de animaci\u00f3n stop motion en el Museo Provincial de Bellas Artes"},"content":{"rendered":"\n<p><strong>Talleres gratuitos de animaci\u00f3n stop motion en el Museo Provincial de Bellas Artes<\/strong><\/p>\n\n\n\n<p>En el marco de las actividades previstas para las vacaciones de invierno, el Museo Provincial de Bellas Artes Dr. Pedro E. Mart\u00ednez, dependiente de la Secretar\u00eda de Cultura de la provincia, brindar\u00e1 dos talleres de animaci\u00f3n stop motion especialmente orientado a j\u00f3venes entre 12 y 16 a\u00f1os. Las actividades, que se desarrollar\u00e1n de manera presencial en la sede del Museo, tienen cupo limitado, requieren inscripci\u00f3n previa y son totalmente gratuitas.&nbsp;<\/p>\n\n\n\n<p>Los d\u00edas mi\u00e9rcoles 13 y jueves 14 de julio a partir de las 15.30 hs la realizadora concordiense, radicada en Paran\u00e1, Marina Lisasuain tendr\u00e1 a su cargo el desarrollo de dos talleres centrados en este particular estilo de animaci\u00f3n especialmente dirigidos a j\u00f3venes entre 12 y 16 a\u00f1os.&nbsp;<\/p>\n\n\n\n<p>La t\u00e9cnica de la animaci\u00f3n stop motion o &#8220;cuadro a cuadro&#8221; consiste en crear una simulaci\u00f3n de movimiento continuado a partir de la manipulaci\u00f3n de objetos est\u00e1ticos captados en im\u00e1genes fijas sucesivas, las que reproducidas a la velocidad adecuada, producen el efecto de la animaci\u00f3n.<\/p>\n\n\n\n<p>Los talleres ser\u00e1n de una jornada cada uno en el horario de 15.30 a 18hs , divididos en dos grupos con cupo limitado, por lo que se solicita inscripci\u00f3n previa llamando al 0343 4207868\/918.&nbsp;<\/p>\n\n\n\n<p>Las actividades se desarrollar\u00e1n en la sede del Museo, Buenos Aires 355 de la ciudad de Paran\u00e1, son totalmente gratuitas y no se requieren conocimientos previos.&nbsp;<\/p>\n\n\n\n<p>Por otra parte, las propuestas para vacaciones de invierno en el Museo, que impulsan la Secretar\u00eda de Cultura a trav\u00e9s de todos sus organismos, continuar\u00e1n el pr\u00f3ximo 20 de julio con un encuentro de narraciones e ilustraci\u00f3n dedicado a ni\u00f1as y ni\u00f1xs de 4 a 7 a\u00f1os a partir del libro &#8220;Los soles de mi abuela Gloria&#8221; de la escritora Mercedes Daneri editado por la Editorial de Entre R\u00edos.&nbsp;<\/p>\n\n\n\n<p><strong>Sobre Marina Lisasuain<\/strong><\/p>\n\n\n\n<p>Animadora Stop Motion &#8211; Realizadora Audiovisual Egresada del Instituto Superior de Cine y Artes Audiovisuales N\u00b010 de Santa Fe, con especializaci\u00f3n en Animaci\u00f3n y Ficci\u00f3n.&nbsp;<\/p>\n\n\n\n<p>Tom\u00f3 diversos cursos y talleres de especializaci\u00f3n tanto en la t\u00e9cnica como en el uso de diferentes materiales.&nbsp;<\/p>\n\n\n\n<p>Entre otros, trabaj\u00f3 como animadora en el teaser del proyecto \u201cOri &amp; Gen\u201d del estudio Tamand\u00faa (Bs. As.);&nbsp; realiz\u00f3 pruebas de animaci\u00f3n&nbsp; para la serie \u201cDos Pajaritos\u201d de Can Can Club (Bs. As.) y en el cortometraje \u201cD\u00edas de Esp\u00edritus\u201d del estudio Bichofeo (Santa Fe).&nbsp;<\/p>\n\n\n\n<p>Se desempe\u00f1\u00f3 como animadora en el cortometraje (recientemente estrenado) \u201cLas peripecias de Sir Percival\u201d, tambi\u00e9n de Can Can Club (Bs. As)<\/p>\n\n\n\n<p>Ha brindado diversos talleres de realizaci\u00f3n audiovisual y talleres de animaci\u00f3n stop motion.&nbsp;<\/p>\n\n\n\n<p>Durante 2020, junto con Mauricio Manassero, fund\u00f3 su propio estudio de animaci\u00f3n con base en la ciudad de Paran\u00e1, llamado \u201cGatonauta Estudio\u201d, con el que desarrolla diversos proyectos.<\/p>\n\n\n\n<p><strong>Actividades gratuitas para las vacaciones en los organismos de cultura<\/strong><\/p>\n\n\n\n<p>El Gobierno de la provincia de Entre R\u00edos, a trav\u00e9s de la Secretar\u00eda de Cultura, pone en marcha una iniciativa cultural gratuita y diversa para disfrutar durante las pr\u00f3ximas vacaciones de invierno. La programaci\u00f3n ser\u00e1 diversa, y permitir\u00e1 a los diferentes p\u00fablicos vivir nuevas experiencias en contacto con la cultura de una provincia excepcional. En la programaci\u00f3n estar\u00e1n incluidos los museos entrerrianos, centros culturales y organismos dedicados a la cultura \u00a0El detalle espec\u00edfico de las actividades, por ciudad y por organismo, podr\u00e1 consultarse<a rel=\"noreferrer noopener\" href=\"https:\/\/drive.google.com\/file\/d\/1TZ3JDmwPfDUim4yx9bpTWREfBGthIkr5\/view\" target=\"_blank\"> <\/a><a href=\"https:\/\/drive.google.com\/file\/d\/1lHO3zXVW6mMnHBEPoEecfgYbeOGZgtvR\/view\" target=\"_blank\" rel=\"noreferrer noopener\">AQU\u00cd<\/a><\/p>\n\n\n\n<p><strong><em>Prensa<\/em><\/strong><\/p>\n\n\n\n<p><strong><em>Museo Provincial de Bellas Artes Dr. Pedro E. Mart\u00ednez<\/em><\/strong><\/p>\n\n\n\n<p><strong><em>Secretar\u00eda de Cultura Gobierno de Entre R\u00edos<\/em><\/strong><\/p>\n\n\n\n<p><strong><em>Buenos Aires 355 Paran\u00e1 &#8211; 343 4207868\/918<\/em><\/strong><\/p>\n\n\n\n<p><strong><em><a href=\"mailto:gestionbellasartes@gmail.com\" target=\"_blank\" rel=\"noreferrer noopener\">gestionbellasartes@gmail.com<\/a><\/em><\/strong><\/p>\n","protected":false},"excerpt":{"rendered":"<p>Talleres gratuitos de animaci\u00f3n stop motion en el Museo Provincial de Bellas Artes En el marco de las actividades previstas para las vacaciones de invierno, el Museo Provincial de Bellas Artes Dr. Pedro E. Mart\u00ednez, dependiente de la Secretar\u00eda de Cultura de la provincia, brindar\u00e1 dos talleres de animaci\u00f3n stop motion especialmente orientado a j\u00f3venes [&hellip;]<\/p>\n","protected":false},"author":5,"featured_media":5945,"comment_status":"open","ping_status":"open","sticky":false,"template":"","format":"standard","meta":{"_et_pb_use_builder":"off","_et_pb_old_content":"","_et_gb_content_width":"","footnotes":""},"categories":[28,9],"tags":[],"class_list":["post-5944","post","type-post","status-publish","format-standard","has-post-thumbnail","hentry","category-noticias","category-museo-bellas-artes"],"_links":{"self":[{"href":"https:\/\/www.entrerios.gov.ar\/cultura\/wp-json\/wp\/v2\/posts\/5944","targetHints":{"allow":["GET"]}}],"collection":[{"href":"https:\/\/www.entrerios.gov.ar\/cultura\/wp-json\/wp\/v2\/posts"}],"about":[{"href":"https:\/\/www.entrerios.gov.ar\/cultura\/wp-json\/wp\/v2\/types\/post"}],"author":[{"embeddable":true,"href":"https:\/\/www.entrerios.gov.ar\/cultura\/wp-json\/wp\/v2\/users\/5"}],"replies":[{"embeddable":true,"href":"https:\/\/www.entrerios.gov.ar\/cultura\/wp-json\/wp\/v2\/comments?post=5944"}],"version-history":[{"count":1,"href":"https:\/\/www.entrerios.gov.ar\/cultura\/wp-json\/wp\/v2\/posts\/5944\/revisions"}],"predecessor-version":[{"id":5946,"href":"https:\/\/www.entrerios.gov.ar\/cultura\/wp-json\/wp\/v2\/posts\/5944\/revisions\/5946"}],"wp:featuredmedia":[{"embeddable":true,"href":"https:\/\/www.entrerios.gov.ar\/cultura\/wp-json\/wp\/v2\/media\/5945"}],"wp:attachment":[{"href":"https:\/\/www.entrerios.gov.ar\/cultura\/wp-json\/wp\/v2\/media?parent=5944"}],"wp:term":[{"taxonomy":"category","embeddable":true,"href":"https:\/\/www.entrerios.gov.ar\/cultura\/wp-json\/wp\/v2\/categories?post=5944"},{"taxonomy":"post_tag","embeddable":true,"href":"https:\/\/www.entrerios.gov.ar\/cultura\/wp-json\/wp\/v2\/tags?post=5944"}],"curies":[{"name":"wp","href":"https:\/\/api.w.org\/{rel}","templated":true}]}}