{"id":5953,"date":"2022-07-06T12:36:01","date_gmt":"2022-07-06T12:36:01","guid":{"rendered":"https:\/\/www.entrerios.gov.ar\/cultura\/?p=5953"},"modified":"2022-07-14T14:03:47","modified_gmt":"2022-07-14T14:03:47","slug":"vacaciones-de-invierno-en-la-casa-de-la-cultura-de-entre-rios-con-actividades-gratuitas","status":"publish","type":"post","link":"https:\/\/www.entrerios.gov.ar\/cultura\/vacaciones-de-invierno-en-la-casa-de-la-cultura-de-entre-rios-con-actividades-gratuitas\/","title":{"rendered":"Vacaciones de Invierno en la Casa de la Cultura de Entre R\u00edos con actividades gratuitas"},"content":{"rendered":"\n<p>A partir del 12 y hasta el 21 de julio, Casa de la Cultura, dependiente de la Secretar\u00eda de<\/p>\n\n\n\n<p>Cultura de Entre R\u00edos invita a toda la familia a presenciar el Ciclo Vacaciones de Invierno<\/p>\n\n\n\n<p>Musicales en el marco de la agenda especial organizada por la Secretar\u00eda.<\/p>\n\n\n\n<p>En el marco de la iniciativa habr\u00e1 numerosas actividades para infancias que comenzar\u00e1n a partir de las 15hs entre el 12 y el 21 de julio. El ingreso ser\u00e1 libre y gratuito.<\/p>\n\n\n\n<p>El ciclo reunir\u00e1 una serie de espect\u00e1culos esc\u00e9nicos musicales, talleres y juegos para las infancias. En cada jornada, en la previa de los espect\u00e1culos se desarrollar\u00e1 un espacio de Talleres y Juegos infantiles a cargo de<em> La Casita de lxs Gurisxs de mi Barrio<\/em> y la <em>Asociaci\u00f3n Circularte.<\/em><\/p>\n\n\n\n<p><strong>La grilla de actividades<\/strong><\/p>\n\n\n\n<p>-Martes 12 &#8211; Eureka en Bandada (Paran\u00e1)<\/p>\n\n\n\n<p>-Mi\u00e9rcoles 13 &#8211; Palmito Encamino y Los Buenos Paran\u00e1 (Tigre)<\/p>\n\n\n\n<p>-Jueves 14 &#8211; El Velero M\u00e1gico (Paran\u00e1)<\/p>\n\n\n\n<p>-Martes19- Silvina L\u00f3pez (Paran\u00e1)<\/p>\n\n\n\n<p>-Mi\u00e9rcoles 20 &#8211; Los Tinguiritas (C\u00f3rdoba\/Concordia)<\/p>\n\n\n\n<p>-Jueves 21- No se salva de la conga (Paran\u00e1)<\/p>\n\n\n\n<p>Ingreso por orden de llegada \/ Capacidad Limitada \/ Entrada gratuita.<\/p>\n\n\n\n<p><strong>Actividades gratuitas para las vacaciones en los organismos de cultura<\/strong><\/p>\n\n\n\n<p>El Gobierno de la provincia de Entre R\u00edos, a trav\u00e9s de la Secretar\u00eda de Cultura, pone en marcha una iniciativa cultural gratuita y diversa para disfrutar durante las pr\u00f3ximas vacaciones de invierno. La programaci\u00f3n permitir\u00e1 a los diferentes p\u00fablicos vivir nuevas experiencias en contacto con la cultura de una provincia excepcional. En la programaci\u00f3n estar\u00e1n incluidos los museos entrerrianos, centros culturales y organismos dedicados a la cultura &nbsp;<\/p>\n\n\n\n<p>El detalle espec\u00edfico de las actividades, por ciudad y por organismo, podr\u00e1 consultarse<a href=\"https:\/\/drive.google.com\/file\/d\/1lHO3zXVW6mMnHBEPoEecfgYbeOGZgtvR\/view\" target=\"_blank\" rel=\"noreferrer noopener\"> AQU\u00cd<\/a><\/p>\n","protected":false},"excerpt":{"rendered":"<p>A partir del 12 y hasta el 21 de julio, Casa de la Cultura, dependiente de la Secretar\u00eda de Cultura de Entre R\u00edos invita a toda la familia a presenciar el Ciclo Vacaciones de Invierno Musicales en el marco de la agenda especial organizada por la Secretar\u00eda. En el marco de la iniciativa habr\u00e1 numerosas [&hellip;]<\/p>\n","protected":false},"author":5,"featured_media":5954,"comment_status":"open","ping_status":"open","sticky":false,"template":"","format":"standard","meta":{"_et_pb_use_builder":"off","_et_pb_old_content":"","_et_gb_content_width":"","footnotes":""},"categories":[28,19],"tags":[],"class_list":["post-5953","post","type-post","status-publish","format-standard","has-post-thumbnail","hentry","category-noticias","category-casa-de-la-cultura-de-er"],"_links":{"self":[{"href":"https:\/\/www.entrerios.gov.ar\/cultura\/wp-json\/wp\/v2\/posts\/5953","targetHints":{"allow":["GET"]}}],"collection":[{"href":"https:\/\/www.entrerios.gov.ar\/cultura\/wp-json\/wp\/v2\/posts"}],"about":[{"href":"https:\/\/www.entrerios.gov.ar\/cultura\/wp-json\/wp\/v2\/types\/post"}],"author":[{"embeddable":true,"href":"https:\/\/www.entrerios.gov.ar\/cultura\/wp-json\/wp\/v2\/users\/5"}],"replies":[{"embeddable":true,"href":"https:\/\/www.entrerios.gov.ar\/cultura\/wp-json\/wp\/v2\/comments?post=5953"}],"version-history":[{"count":1,"href":"https:\/\/www.entrerios.gov.ar\/cultura\/wp-json\/wp\/v2\/posts\/5953\/revisions"}],"predecessor-version":[{"id":5955,"href":"https:\/\/www.entrerios.gov.ar\/cultura\/wp-json\/wp\/v2\/posts\/5953\/revisions\/5955"}],"wp:featuredmedia":[{"embeddable":true,"href":"https:\/\/www.entrerios.gov.ar\/cultura\/wp-json\/wp\/v2\/media\/5954"}],"wp:attachment":[{"href":"https:\/\/www.entrerios.gov.ar\/cultura\/wp-json\/wp\/v2\/media?parent=5953"}],"wp:term":[{"taxonomy":"category","embeddable":true,"href":"https:\/\/www.entrerios.gov.ar\/cultura\/wp-json\/wp\/v2\/categories?post=5953"},{"taxonomy":"post_tag","embeddable":true,"href":"https:\/\/www.entrerios.gov.ar\/cultura\/wp-json\/wp\/v2\/tags?post=5953"}],"curies":[{"name":"wp","href":"https:\/\/api.w.org\/{rel}","templated":true}]}}